{"id":52,"date":"2018-04-02T23:13:38","date_gmt":"2018-04-02T21:13:38","guid":{"rendered":"http:\/\/irimi.pl\/?p=52"},"modified":"2018-04-02T23:13:38","modified_gmt":"2018-04-02T21:13:38","slug":"wizyta-matsuo-masazumi-i-matsuo-chisuko-shihan","status":"publish","type":"post","link":"https:\/\/irimi.pl\/index.php\/2018\/04\/02\/wizyta-matsuo-masazumi-i-matsuo-chisuko-shihan\/","title":{"rendered":"Wizyta Matsuo Masazumi  i Matsuo Chisuko  Shihan"},"content":{"rendered":"<p>\t\t\t\tDzisiaj przybyli do nas go\u015bcie z Japonii &#8211; Matsuo Masazumi Shihan (8 dan YAF)\u00a0i Matsuo Chisuko \u00a0Shihan (8 dan YAF).<\/p>\n<p><img loading=\"lazy\" decoding=\"async\" class=\"size-medium wp-image-55 aligncenter\" src=\"http:\/\/irimi.pl\/wp-content\/uploads\/2018\/04\/29791595_1795536840493419_1794645939028474049_n-300x225.jpg\" alt=\"\" width=\"300\" height=\"225\" \/><\/p>\n<p>Przez ponad tydzie\u0144 spotkaj\u0105 si\u0119 z nami na treningach w dojo oraz poprowadz\u0105 seminarium. <!--more--><\/p>\n<h3>Trening w Zabrzu<\/h3>\n<p>W czwartek 5.04.2018 go\u015bcimy na macie w dojo MOSiR Zabrze Matsuo Masazumi Shihan 8 dan YAF. Poprowadzi trening dla doros\u0142ych w godzinach 18:30 &#8211; 20:00.<br \/>\nPo treningu\u00a0zapraszamy na\u00a0wsp\u00f3ln\u0105 kolacj\u0119 !!!<\/p>\n<h3>Seminarium<\/h3>\n<p>Odb\u0119dzie si\u0119 7 i 8 kwietnia 2018 w szkole podstawowej nr 30 w Rudzie \u015al\u0105skiej ul. Chryzantem 10.<\/p>\n<p>Sobota 7 kwietnia<span class=\"text_exposed_show\"><br \/>\nI blok treningowy dla dzieci, m\u0142odzie\u017cy i doros\u0142ych 10:00- 11:00 i 11:15 \u2013 12:15<br \/>\nII blok treningowy dla m\u0142odzie\u017cy i doros\u0142ych 12:30 &#8211; 13:30<br \/>\nIII blok treningowy dla m\u0142odzie\u017cy ( zaawansowanej) i doros\u0142ych 16:00-17:00 i 17:10-18:00<\/span><\/p>\n<div class=\"text_exposed_show\">\n<p>Niedziela 8 kwietnia<br \/>\nI blok treningowy dla dzieci, m\u0142odzie\u017cy i doros\u0142ych 10:00- 11:00 i 11:15 \u2013 12:15<br \/>\nII blok treningowy dla m\u0142odzie\u017cy i doros\u0142ych 12:30 &#8211; 13:30<br \/>\nIII blok treningowy dla m\u0142odzie\u017cy ( zaawansowanej) i doros\u0142ych 16:00-17:00 i 17:10-18:00<\/p>\n<h3>Treningi instruktorskie<\/h3>\n<p>Treningi dla br\u0105zowych i czarnych pas\u00f3w odb\u0119d\u0105 si\u0119:<\/p>\n<ul>\n<li><strong>\u015broda<\/strong> 04.04 godz. 8:00-10:00<\/li>\n<li><strong>czwartek<\/strong> 05.04 godz. 8:00-10:00<\/li>\n<li><strong>wtorek<\/strong> 10.04 godz. 8:00 &#8211; 9:00 trening;\u00a0 9:15 &#8211; 11:30 egzaminy na stopnie dan<\/li>\n<\/ul>\n<h3>Sajonara party<\/h3>\n<p>Czyli kolacja po\u017cegnalna odb\u0119dzie si\u0119 we wtorek 10 kwietnia o godzinie 19.<\/p>\n<\/div>\n","protected":false},"excerpt":{"rendered":"<p>Dzisiaj przybyli do nas go\u015bcie z Japonii &#8211; Matsuo Masazumi Shihan (8 dan YAF)\u00a0i Matsuo Chisuko \u00a0Shihan (8 dan YAF). Przez ponad tydzie\u0144 spotkaj\u0105 si\u0119 z nami na treningach w dojo oraz poprowadz\u0105 seminarium.<\/p>\n","protected":false},"author":2,"featured_media":0,"comment_status":"open","ping_status":"open","sticky":false,"template":"","format":"standard","meta":{"footnotes":""},"categories":[2],"tags":[],"class_list":["post-52","post","type-post","status-publish","format-standard","hentry","category-aikido"],"_links":{"self":[{"href":"https:\/\/irimi.pl\/index.php\/wp-json\/wp\/v2\/posts\/52","targetHints":{"allow":["GET"]}}],"collection":[{"href":"https:\/\/irimi.pl\/index.php\/wp-json\/wp\/v2\/posts"}],"about":[{"href":"https:\/\/irimi.pl\/index.php\/wp-json\/wp\/v2\/types\/post"}],"author":[{"embeddable":true,"href":"https:\/\/irimi.pl\/index.php\/wp-json\/wp\/v2\/users\/2"}],"replies":[{"embeddable":true,"href":"https:\/\/irimi.pl\/index.php\/wp-json\/wp\/v2\/comments?post=52"}],"version-history":[{"count":0,"href":"https:\/\/irimi.pl\/index.php\/wp-json\/wp\/v2\/posts\/52\/revisions"}],"wp:attachment":[{"href":"https:\/\/irimi.pl\/index.php\/wp-json\/wp\/v2\/media?parent=52"}],"wp:term":[{"taxonomy":"category","embeddable":true,"href":"https:\/\/irimi.pl\/index.php\/wp-json\/wp\/v2\/categories?post=52"},{"taxonomy":"post_tag","embeddable":true,"href":"https:\/\/irimi.pl\/index.php\/wp-json\/wp\/v2\/tags?post=52"}],"curies":[{"name":"wp","href":"https:\/\/api.w.org\/{rel}","templated":true}]}}