{"id":3631,"date":"2024-08-24T05:07:47","date_gmt":"2024-08-24T05:07:47","guid":{"rendered":"https:\/\/irimi.pl\/?p=3631"},"modified":"2024-08-30T12:34:32","modified_gmt":"2024-08-30T12:34:32","slug":"uwaga-uwaga-uwaga-rozpoczecie-sezonu-treningowego-2024-25-rozpoczynamy-nasze-zajecia-zgodnie-z-kalendarzem-juz-od-poniedzialku-2-09-2024-mosir-w-tych-samych-godzinachreszta-do","status":"publish","type":"post","link":"https:\/\/irimi.pl\/index.php\/2024\/08\/24\/uwaga-uwaga-uwaga-rozpoczecie-sezonu-treningowego-2024-25-rozpoczynamy-nasze-zajecia-zgodnie-z-kalendarzem-juz-od-poniedzialku-2-09-2024-mosir-w-tych-samych-godzinachreszta-do\/","title":{"rendered":"Rozpocz\u0119cie sezonu treningowego 2024\/25 !!!"},"content":{"rendered":"\n<p>UWAGA !!! UWAGA !!! UWAGA !!!<br>Rozpocz\u0119cie sezonu treningowego 2024\/25 !!!<br>Rozpoczynamy nasze zaj\u0119cia zgodnie z kalendarzem ju\u017c od poniedzia\u0142ku 2.09.2024 ( MOSiR) w tych samych godzinach\u2026<br>Reszta Dojo ( Biskupice,Aquarius, Grzybowie) r\u00f3wnie\u017c zgodnie z kalendarzem.<br>Szczeg\u00f3\u0142y u instruktor\u00f3w poszczeg\u00f3lnych Dojo.<br>Serdecznie zapraszamy<br>Osu !!!<\/p>\n\n\n\n<h1 class=\"wp-block-heading\">Treningi<\/h1>\n\n\n\n<p>Zaj\u0119cia w sezonie 2024\/2025 Yoshinkan Seiseikai Aikido odbywaj\u0105 si\u0119:<\/p>\n\n\n\n<h4 class=\"wp-block-heading\"><strong>Grupa doros\u0142ych<\/strong><\/h4>\n\n\n\n<h6 class=\"wp-block-heading\"><strong>Hala MOSiR Zabrze ul.Matejki 6, 41-800 Zabrze:<\/strong><\/h6>\n\n\n\n<ul class=\"wp-block-list\"><li>wiek:&nbsp;<strong>od 14 lat (m\u0142odzie\u017c i doro\u015bli)<br>poniedzia\u0142ek, czwartek<\/strong>&nbsp;godz.18.30-20.00 \u2013 poziom 7.5 (II pi\u0119tro)<br>Prowadz\u0105cy:&nbsp;<br>Sensei Kamil Krzemi\u0144ski (7 dan AYF )&nbsp; tel.kontaktowy 510-138-77<br>Sensei Adam Obierak&nbsp; ( 5 dan AYF) tel.kontaktowy 511-370-614<\/li><\/ul>\n\n\n\n<hr class=\"wp-block-separator\"\/>\n\n\n\n<h4 class=\"wp-block-heading\"><strong>Grupy dzieci\u0119ce:<\/strong><\/h4>\n\n\n\n<h6 class=\"wp-block-heading\"><strong>Hala MOSiR Zabrze ul. Matejki 6, 41-800 Zabrze:<\/strong><\/h6>\n\n\n\n<p><strong>poniedzia\u0142ek, czwartek&nbsp;<\/strong>poziom 7.5 (II pi\u0119tro)&nbsp;<\/p>\n\n\n\n<ul class=\"wp-block-list\"><li><strong>wiek 8-13 lat<\/strong>\u00a0oraz\u00a0<strong>wiek 4-8 lat\u00a0<\/strong>\u00a0godz.17.00 \u2013 18.00<\/li><\/ul>\n\n\n\n<p>Prowadz\u0105cy:\u00a0<br>Sensei Kamil Krzemi\u0144ski (7 dan AYF ),\u00a0 tel. kontaktowy 510-138-774<\/p>\n\n\n\n<hr class=\"wp-block-separator\"\/>\n\n\n\n<h6 class=\"wp-block-heading\"><strong>Zabrze \u2013 Biskupice<br><\/strong>Szko\u0142a Podstawowa nr 21,&nbsp;<strong>ul. Bytomska 26<\/strong><\/h6>\n\n\n\n<p><strong>wtorek \/ pi\u0105tek<\/strong><\/p>\n\n\n\n<ul class=\"wp-block-list\"><li><strong>dzieci do lat 7 \u2013<\/strong>&nbsp;godz. 17:30 \u2013 18:30<\/li><li><strong>dzieci i m\u0142odzie\u017c \u2013 grupa zaawansowana<\/strong>&nbsp;\u2013 godz. 18:30 \u2013 19:30&nbsp;<\/li><\/ul>\n\n\n\n<p>Prowadz\u0105cy:&nbsp;<br>Sensei Kamil Krzemi\u0144ski (7 dan AYF),&nbsp; tel. kontaktowy 510-138-774<\/p>\n\n\n\n<hr class=\"wp-block-separator\"\/>\n\n\n\n<h6 class=\"wp-block-heading\">Zabrze \u2013 Grzybowice<br>DOK Grzybowice, ul. ks. Badestinusa 60<\/h6>\n\n\n\n<p><strong>wtorek, czwartek<\/strong><\/p>\n\n\n\n<ul class=\"wp-block-list\"><li><strong>dzieci \u2013 grupa m\u0142odsza do lat 7&nbsp;<\/strong>\u2013 godz. 17:00 \u2013 18:00&nbsp;<\/li><li><strong>dzieci \u2013 grupa starsza od lat 8&nbsp;<\/strong>\u2013 godz. 18:00 \u2013 19:00<\/li><\/ul>\n\n\n\n<p>Prowadz\u0105cy:<br>Sensei&nbsp;<strong>Zbyszek Olszewski<\/strong>&nbsp;(2 dan AYF),&nbsp; tel. kontaktowy 731-050-276<\/p>\n\n\n\n<hr class=\"wp-block-separator\"\/>\n\n\n\n<h6 class=\"wp-block-heading\">Zabrze \u2013 Kopernik<br>Aquarius (sala fitness), al. Korfantego 18<\/h6>\n\n\n\n<p><strong>\u015broda, pi\u0105tek<\/strong><\/p>\n\n\n\n<ul class=\"wp-block-list\"><li><strong>dzieci i m\u0142odzie\u017c&nbsp;<\/strong>\u2013 godz. 17:00 \u2013 18:00&nbsp;<\/li><\/ul>\n\n\n\n<p>Prowadz\u0105cy:<br>Sensei Marek Korbel (4 dan AYF ),&nbsp; tel. kontaktowy 601-332-477<\/p>\n\n\n\n<figure class=\"wp-block-gallery columns-1 is-cropped wp-block-gallery-1 is-layout-flex wp-block-gallery-is-layout-flex\"><ul class=\"blocks-gallery-grid\"><li class=\"blocks-gallery-item\"><figure><img loading=\"lazy\" decoding=\"async\" width=\"495\" height=\"577\" src=\"https:\/\/irimi.pl\/wp-content\/uploads\/2024\/08\/FB_IMG_1595588559097.jpg\" alt=\"\" data-id=\"3632\" data-full-url=\"https:\/\/irimi.pl\/wp-content\/uploads\/2024\/08\/FB_IMG_1595588559097.jpg\" data-link=\"https:\/\/irimi.pl\/?attachment_id=3632\" class=\"wp-image-3632\" srcset=\"https:\/\/irimi.pl\/wp-content\/uploads\/2024\/08\/FB_IMG_1595588559097.jpg 495w, https:\/\/irimi.pl\/wp-content\/uploads\/2024\/08\/FB_IMG_1595588559097-257x300.jpg 257w\" sizes=\"auto, (max-width: 495px) 100vw, 495px\" \/><\/figure><\/li><\/ul><\/figure>\n","protected":false},"excerpt":{"rendered":"<p>UWAGA !!! UWAGA !!! UWAGA !!!Rozpocz\u0119cie sezonu treningowego 2024\/25 !!!Rozpoczynamy nasze zaj\u0119cia zgodnie z kalendarzem ju\u017c od poniedzia\u0142ku 2.09.2024 ( MOSiR) w tych samych godzinach\u2026Reszta Dojo ( Biskupice,Aquarius, Grzybowie) r\u00f3wnie\u017c zgodnie z kalendarzem.Szczeg\u00f3\u0142y u instruktor\u00f3w poszczeg\u00f3lnych Dojo.Serdecznie zapraszamyOsu !!! Treningi Zaj\u0119cia w sezonie 2024\/2025 Yoshinkan Seiseikai Aikido odbywaj\u0105 si\u0119: Grupa doros\u0142ych Hala MOSiR Zabrze ul.Matejki &hellip; <a href=\"https:\/\/irimi.pl\/index.php\/2024\/08\/24\/uwaga-uwaga-uwaga-rozpoczecie-sezonu-treningowego-2024-25-rozpoczynamy-nasze-zajecia-zgodnie-z-kalendarzem-juz-od-poniedzialku-2-09-2024-mosir-w-tych-samych-godzinachreszta-do\/\" class=\"more-link\">Czytaj dalej <span class=\"screen-reader-text\">Rozpocz\u0119cie sezonu treningowego 2024\/25 !!!<\/span> <span class=\"meta-nav\">&rarr;<\/span><\/a><\/p>\n","protected":false},"author":3,"featured_media":0,"comment_status":"open","ping_status":"","sticky":false,"template":"","format":"standard","meta":{"footnotes":""},"categories":[2],"tags":[],"class_list":["post-3631","post","type-post","status-publish","format-standard","hentry","category-aikido"],"_links":{"self":[{"href":"https:\/\/irimi.pl\/index.php\/wp-json\/wp\/v2\/posts\/3631","targetHints":{"allow":["GET"]}}],"collection":[{"href":"https:\/\/irimi.pl\/index.php\/wp-json\/wp\/v2\/posts"}],"about":[{"href":"https:\/\/irimi.pl\/index.php\/wp-json\/wp\/v2\/types\/post"}],"author":[{"embeddable":true,"href":"https:\/\/irimi.pl\/index.php\/wp-json\/wp\/v2\/users\/3"}],"replies":[{"embeddable":true,"href":"https:\/\/irimi.pl\/index.php\/wp-json\/wp\/v2\/comments?post=3631"}],"version-history":[{"count":6,"href":"https:\/\/irimi.pl\/index.php\/wp-json\/wp\/v2\/posts\/3631\/revisions"}],"predecessor-version":[{"id":3646,"href":"https:\/\/irimi.pl\/index.php\/wp-json\/wp\/v2\/posts\/3631\/revisions\/3646"}],"wp:attachment":[{"href":"https:\/\/irimi.pl\/index.php\/wp-json\/wp\/v2\/media?parent=3631"}],"wp:term":[{"taxonomy":"category","embeddable":true,"href":"https:\/\/irimi.pl\/index.php\/wp-json\/wp\/v2\/categories?post=3631"},{"taxonomy":"post_tag","embeddable":true,"href":"https:\/\/irimi.pl\/index.php\/wp-json\/wp\/v2\/tags?post=3631"}],"curies":[{"name":"wp","href":"https:\/\/api.w.org\/{rel}","templated":true}]}}