{"id":308,"date":"2018-09-05T15:20:01","date_gmt":"2018-09-05T13:20:01","guid":{"rendered":"http:\/\/irimi.pl\/?p=308"},"modified":"2018-09-05T15:20:01","modified_gmt":"2018-09-05T13:20:01","slug":"sezon-treningowy-2018-2019-w-zabrzu","status":"publish","type":"post","link":"https:\/\/irimi.pl\/index.php\/2018\/09\/05\/sezon-treningowy-2018-2019-w-zabrzu\/","title":{"rendered":"Sezon treningowy 2018\/2019 w Zabrzu"},"content":{"rendered":"<p>\t\t\t\tJu\u017c nied\u0142ugo po wakacyjnej przerwie zaczynamy nowy sezon treningowy. W sekcji zabrza\u0144skiej treningi na hali MOSiR (Matejki 6) ruszaj\u0105 w pierwszym tygodniu wrze\u015bniam, treningi w Biskupicach w sali gimnastycznej przy Szkole Podstawowej nr 40 Specjalnej (Bytomska 94) staruj\u0105 w drugim tygodniu wrze\u015bnia.<\/p>\n<hr \/>\n<h4><strong>MOSiR<\/strong> grupa dzieci\u0119ca:<\/h4>\n<p><img loading=\"lazy\" decoding=\"async\" width=\"150\" height=\"150\" class=\"alignleft wp-image-315 size-thumbnail\" alt=\"\" src=\"http:\/\/irimi.pl\/wp-content\/uploads\/2018\/08\/DSC_0156-150x150.jpg\" \/>poniedzia\u0142ki i czwartki 16:30 &#8211; 17:45 poziom 7.5<br \/>\nDzieci 8 \u2013 13 lat<br \/>\nSensei:\u00a0 Kamil Krzemi\u0144ski\u00a0 <span style=\"color: #3366ff;\">pierwsze zaj\u0119cia: <strong>03.09<\/strong><\/span><span style=\"color: #3366ff;\"><strong>.2018<\/strong><\/span><\/p>\n<hr \/>\n<p><span style=\"display: inline !important; float: none; background-color: transparent; color: #666666; cursor: text; font-family: 'Open Sans',sans-serif; font-size: 14px; font-style: normal; font-variant: normal; font-weight: 400; letter-spacing: normal; orphans: 2; text-align: left; text-decoration: none; text-indent: 0px; text-transform: none; -webkit-text-stroke-width: 0px; white-space: normal; word-spacing: 0px; word-wrap: break-word;\">wtorki i pi\u0105tki 16:30 &#8211; 17:30 poziom 7.5<br \/>\nDzieci 4 \u2013 8 lat<br \/>\n<\/span><span style=\"display: inline !important; float: none; background-color: transparent; color: #666666; cursor: text; font-family: 'Open Sans',sans-serif; font-size: 14px; font-style: normal; font-variant: normal; font-weight: 400; letter-spacing: normal; orphans: 2; text-align: left; text-decoration: none; text-indent: 0px; text-transform: none; -webkit-text-stroke-width: 0px; white-space: normal; word-spacing: 0px; word-wrap: break-word;\">Sensei Marek Korbel\u00a0 <\/span><span style=\"color: #3366ff;\">pierwsze zaj\u0119cia: <strong>04.09<\/strong><strong>.2018<\/strong><\/span><\/p>\n<p>&nbsp;<\/p>\n<h4><strong>MOSiR<\/strong> grupa m\u0142odzie\u017cowa i doros\u0142a:<\/h4>\n<p><img loading=\"lazy\" decoding=\"async\" width=\"150\" height=\"150\" class=\"alignleft wp-image-314 size-thumbnail\" alt=\"\" src=\"http:\/\/irimi.pl\/wp-content\/uploads\/2018\/08\/DSC_0476-150x150.jpg\" \/><\/p>\n<p>poniedzia\u0142ki i czwartki 18:30 &#8211; 20:00 poziom 7.5<br \/>\n<span style=\"display: inline !important; float: none; background-color: transparent; color: #666666; cursor: text; font-family: 'Open Sans',sans-serif; font-size: 14px; font-style: normal; font-variant: normal; font-weight: 400; letter-spacing: normal; orphans: 2; text-align: left; text-decoration: none; text-indent: 0px; text-transform: none; -webkit-text-stroke-width: 0px; white-space: normal; word-spacing: 0px; word-wrap: break-word;\">Sensei:\u00a0 Kamil Krzemi\u0144ski<\/span><br \/>\n<span style=\"color: #3366ff;\">pierwsze zaj\u0119cia: <strong>03.09.2018<\/strong><\/span><\/p>\n<hr \/>\n<p>&nbsp;<\/p>\n<p>&nbsp;<\/p>\n<h4><strong>Biskupice<\/strong> &#8211; grupa dzieci\u0119ca:<\/h4>\n<p>wtorki i pi\u0105<img loading=\"lazy\" decoding=\"async\" width=\"150\" height=\"150\" class=\"alignleft wp-image-316 size-thumbnail\" alt=\"\" src=\"http:\/\/irimi.pl\/wp-content\/uploads\/2018\/08\/20171027_180313-e1534180510112-150x150.jpg\" \/>tki 17:00 &#8211; 18:15<br \/>\nSensei:\u00a0 Kamil Krzemi\u0144ski<br \/>\n<span style=\"color: #3366ff;\">pierwsze zaj\u0119cia: <strong>11.09.2018<\/strong><\/span><\/p>\n<hr \/>\n<p>&nbsp;<\/p>\n<p>&nbsp;<\/p>\n<p>ZAPRASZAMY !<\/p>\n<p>Informacje o treningach sekcje w innych miastach: <a href=\"http:\/\/www.aikidoka.pl\">www.aikidoka.pl<\/a><\/p>\n<p><iframe loading=\"lazy\" width=\"560\" height=\"315\" src=\"https:\/\/www.youtube.com\/embed\/6SpcNm8AcMs\" frameborder=\"0\" allow=\"autoplay; encrypted-media\" allowfullscreen=\"allowfullscreen\"><\/iframe>\t\t<\/p>\n","protected":false},"excerpt":{"rendered":"<p>Ju\u017c nied\u0142ugo po wakacyjnej przerwie zaczynamy nowy sezon treningowy. W sekcji zabrza\u0144skiej treningi na hali MOSiR (Matejki 6) ruszaj\u0105 w pierwszym tygodniu wrze\u015bniam, treningi w Biskupicach w sali gimnastycznej przy Szkole Podstawowej nr 40 Specjalnej (Bytomska 94) staruj\u0105 w drugim tygodniu wrze\u015bnia. MOSiR grupa dzieci\u0119ca: poniedzia\u0142ki i czwartki 16:30 &#8211; 17:45 poziom 7.5 Dzieci 8 &hellip; <a href=\"https:\/\/irimi.pl\/index.php\/2018\/09\/05\/sezon-treningowy-2018-2019-w-zabrzu\/\" class=\"more-link\">Czytaj dalej <span class=\"screen-reader-text\">Sezon treningowy 2018\/2019 w Zabrzu<\/span> <span class=\"meta-nav\">&rarr;<\/span><\/a><\/p>\n","protected":false},"author":2,"featured_media":314,"comment_status":"closed","ping_status":"open","sticky":false,"template":"","format":"standard","meta":{"footnotes":""},"categories":[2],"tags":[],"class_list":["post-308","post","type-post","status-publish","format-standard","has-post-thumbnail","hentry","category-aikido"],"_links":{"self":[{"href":"https:\/\/irimi.pl\/index.php\/wp-json\/wp\/v2\/posts\/308","targetHints":{"allow":["GET"]}}],"collection":[{"href":"https:\/\/irimi.pl\/index.php\/wp-json\/wp\/v2\/posts"}],"about":[{"href":"https:\/\/irimi.pl\/index.php\/wp-json\/wp\/v2\/types\/post"}],"author":[{"embeddable":true,"href":"https:\/\/irimi.pl\/index.php\/wp-json\/wp\/v2\/users\/2"}],"replies":[{"embeddable":true,"href":"https:\/\/irimi.pl\/index.php\/wp-json\/wp\/v2\/comments?post=308"}],"version-history":[{"count":0,"href":"https:\/\/irimi.pl\/index.php\/wp-json\/wp\/v2\/posts\/308\/revisions"}],"wp:featuredmedia":[{"embeddable":true,"href":"https:\/\/irimi.pl\/index.php\/wp-json\/"}],"wp:attachment":[{"href":"https:\/\/irimi.pl\/index.php\/wp-json\/wp\/v2\/media?parent=308"}],"wp:term":[{"taxonomy":"category","embeddable":true,"href":"https:\/\/irimi.pl\/index.php\/wp-json\/wp\/v2\/categories?post=308"},{"taxonomy":"post_tag","embeddable":true,"href":"https:\/\/irimi.pl\/index.php\/wp-json\/wp\/v2\/tags?post=308"}],"curies":[{"name":"wp","href":"https:\/\/api.w.org\/{rel}","templated":true}]}}