{"id":242,"date":"2018-06-09T09:08:56","date_gmt":"2018-06-09T07:08:56","guid":{"rendered":"http:\/\/irimi.pl\/?p=242"},"modified":"2018-06-09T09:08:56","modified_gmt":"2018-06-09T07:08:56","slug":"pokaz-biskupice-rod-przyszlosc-2018","status":"publish","type":"post","link":"https:\/\/irimi.pl\/index.php\/2018\/06\/09\/pokaz-biskupice-rod-przyszlosc-2018\/","title":{"rendered":"Pokaz Biskupice ROD Przysz\u0142o\u015b\u0107 2018"},"content":{"rendered":"<p>\t\t\t\tW dniu 9 czerwca odby\u0142 si\u0119 pokaz w Zabrzu Biskupicach, w kt\u00f3rym wzi\u0119\u0142y udzia\u0142 dzieci, m\u0142odzie\u017c i doro\u015bli z Zabrza\u0144skiej sekcji Aikido.<br \/>\nDobra zabawa, mn\u00f3stwo atrakcji dla dzieci -DZI\u0118KUJEMY!<\/p>\n<p><img loading=\"lazy\" decoding=\"async\" class=\"aligncenter wp-image-245 size-large\" src=\"http:\/\/irimi.pl\/wp-content\/uploads\/2018\/06\/20180609-DSC_0645-1024x680.jpg\" alt=\"\" width=\"654\" height=\"434\" \/><\/p>\n<p><!--more--><\/p>\n<p><img loading=\"lazy\" decoding=\"async\" class=\"alignnone size-medium wp-image-246\" src=\"http:\/\/irimi.pl\/wp-content\/uploads\/2018\/06\/20180609-DSC_0670-300x199.jpg\" alt=\"\" width=\"300\" height=\"199\" \/> <img loading=\"lazy\" decoding=\"async\" class=\"alignnone size-medium wp-image-247\" src=\"http:\/\/irimi.pl\/wp-content\/uploads\/2018\/06\/20180609-DSC_0626-300x199.jpg\" alt=\"\" width=\"300\" height=\"199\" \/> <img loading=\"lazy\" decoding=\"async\" class=\"alignnone size-medium wp-image-248\" src=\"http:\/\/irimi.pl\/wp-content\/uploads\/2018\/06\/20180609-DSC_0613-300x199.jpg\" alt=\"\" width=\"300\" height=\"199\" \/> <img loading=\"lazy\" decoding=\"async\" class=\"alignnone size-medium wp-image-249\" src=\"http:\/\/irimi.pl\/wp-content\/uploads\/2018\/06\/20180609-DSC_0595-300x199.jpg\" alt=\"\" width=\"300\" height=\"199\" \/> <img loading=\"lazy\" decoding=\"async\" class=\"alignnone size-medium wp-image-250\" src=\"http:\/\/irimi.pl\/wp-content\/uploads\/2018\/06\/20180609-DSC_0593-300x199.jpg\" alt=\"\" width=\"300\" height=\"199\" \/> <img loading=\"lazy\" decoding=\"async\" class=\"alignnone size-medium wp-image-251\" src=\"http:\/\/irimi.pl\/wp-content\/uploads\/2018\/06\/20180609-DSC_0578-300x199.jpg\" alt=\"\" width=\"300\" height=\"199\" \/> <img loading=\"lazy\" decoding=\"async\" class=\"alignnone size-medium wp-image-252\" src=\"http:\/\/irimi.pl\/wp-content\/uploads\/2018\/06\/20180609-DSC_0569-300x199.jpg\" alt=\"\" width=\"300\" height=\"199\" \/> <img loading=\"lazy\" decoding=\"async\" class=\"alignnone size-medium wp-image-253\" src=\"http:\/\/irimi.pl\/wp-content\/uploads\/2018\/06\/20180609-DSC_0546-300x199.jpg\" alt=\"\" width=\"300\" height=\"199\" \/> <img loading=\"lazy\" decoding=\"async\" class=\"alignnone size-medium wp-image-254\" src=\"http:\/\/irimi.pl\/wp-content\/uploads\/2018\/06\/20180609-DSC_0544-300x199.jpg\" alt=\"\" width=\"300\" height=\"199\" \/> <img loading=\"lazy\" decoding=\"async\" class=\"alignnone size-medium wp-image-255\" src=\"http:\/\/irimi.pl\/wp-content\/uploads\/2018\/06\/20180609-DSC_0542-300x199.jpg\" alt=\"\" width=\"300\" height=\"199\" \/> <img loading=\"lazy\" decoding=\"async\" class=\"alignnone size-medium wp-image-256\" src=\"http:\/\/irimi.pl\/wp-content\/uploads\/2018\/06\/20180609-DSC_0526-300x199.jpg\" alt=\"\" width=\"300\" height=\"199\" \/><\/p>\n<p>Zobacz pozosta\u0142e: <strong><a href=\"https:\/\/photos.google.com\/share\/AF1QipPj_fJ5pj7AU9HPhFdvwwt3488k-9Ow8yFSZBL9uys1R_LxNso6NH-KUxWJQ_MmQg?key=ekdlUS1iUjh6c3lob0lEN2pSczZ2VnRlVUI2dFJn\">Zdj\u0119cia z pokazu<\/a><\/strong>\t\t<\/p>\n","protected":false},"excerpt":{"rendered":"<p>W dniu 9 czerwca odby\u0142 si\u0119 pokaz w Zabrzu Biskupicach, w kt\u00f3rym wzi\u0119\u0142y udzia\u0142 dzieci, m\u0142odzie\u017c i doro\u015bli z Zabrza\u0144skiej sekcji Aikido. Dobra zabawa, mn\u00f3stwo atrakcji dla dzieci -DZI\u0118KUJEMY!<\/p>\n","protected":false},"author":2,"featured_media":0,"comment_status":"open","ping_status":"open","sticky":false,"template":"","format":"standard","meta":{"footnotes":""},"categories":[2],"tags":[],"class_list":["post-242","post","type-post","status-publish","format-standard","hentry","category-aikido"],"_links":{"self":[{"href":"https:\/\/irimi.pl\/index.php\/wp-json\/wp\/v2\/posts\/242","targetHints":{"allow":["GET"]}}],"collection":[{"href":"https:\/\/irimi.pl\/index.php\/wp-json\/wp\/v2\/posts"}],"about":[{"href":"https:\/\/irimi.pl\/index.php\/wp-json\/wp\/v2\/types\/post"}],"author":[{"embeddable":true,"href":"https:\/\/irimi.pl\/index.php\/wp-json\/wp\/v2\/users\/2"}],"replies":[{"embeddable":true,"href":"https:\/\/irimi.pl\/index.php\/wp-json\/wp\/v2\/comments?post=242"}],"version-history":[{"count":0,"href":"https:\/\/irimi.pl\/index.php\/wp-json\/wp\/v2\/posts\/242\/revisions"}],"wp:attachment":[{"href":"https:\/\/irimi.pl\/index.php\/wp-json\/wp\/v2\/media?parent=242"}],"wp:term":[{"taxonomy":"category","embeddable":true,"href":"https:\/\/irimi.pl\/index.php\/wp-json\/wp\/v2\/categories?post=242"},{"taxonomy":"post_tag","embeddable":true,"href":"https:\/\/irimi.pl\/index.php\/wp-json\/wp\/v2\/tags?post=242"}],"curies":[{"name":"wp","href":"https:\/\/api.w.org\/{rel}","templated":true}]}}