{"id":2359,"date":"2022-09-07T12:04:08","date_gmt":"2022-09-07T12:04:08","guid":{"rendered":"https:\/\/irimi.pl\/?p=2359"},"modified":"2023-10-22T15:13:12","modified_gmt":"2023-10-22T15:13:12","slug":"uwaga-zmiana-godzin-treningow-biskupice","status":"publish","type":"post","link":"https:\/\/irimi.pl\/index.php\/2022\/09\/07\/uwaga-zmiana-godzin-treningow-biskupice\/","title":{"rendered":"Uwaga &#8211; zmiana godzin trening\u00f3w Biskupice"},"content":{"rendered":"<p>Z powodu zmiany grafika szko\u0142y nast\u0105pi\u0142a zmiana godzin trening\u00f3w Dojo Biskupice<strong> ju\u017c od pi\u0105tku 9 wrze\u015bnia 2022<\/strong>.<br \/>\nZaj\u0119cia odbywa\u0107 si\u0119 b\u0119d\u0105 w ka\u017cdy wtorek \/ pi\u0105tek w godzinach<\/p>\n<ul>\n<li>dzieci do lat 7 \u2013 godz. 17:00 \u2013 17:50<\/li>\n<li>dzieci \u2013 grupa pocz\u0105tkuj\u0105ca \u2013 godz. 17:55 \u2013 18:55<\/li>\n<li>dzieci i m\u0142odzie\u017c \u2013 grupa zaawansowana \u2013 godz. 19:00 \u2013 20:00<\/li>\n<\/ul>\n<p>Wi\u0119cej informacji:<br \/>\nSensei Kamil Krzemi\u0144ski (6 dan AYF), tel. 510-138-774<\/p>\n","protected":false},"excerpt":{"rendered":"<p>Z powodu zmiany grafika szko\u0142y nast\u0105pi\u0142a zmiana godzin trening\u00f3w Dojo Biskupice ju\u017c od pi\u0105tku 9 wrze\u015bnia 2022. Zaj\u0119cia odbywa\u0107 si\u0119 b\u0119d\u0105 w ka\u017cdy wtorek \/ pi\u0105tek w godzinach dzieci do lat 7 \u2013 godz. 17:00 \u2013 17:50 dzieci \u2013 grupa pocz\u0105tkuj\u0105ca \u2013 godz. 17:55 \u2013 18:55 dzieci i m\u0142odzie\u017c \u2013 grupa zaawansowana \u2013 godz. 19:00 &hellip; <a href=\"https:\/\/irimi.pl\/index.php\/2022\/09\/07\/uwaga-zmiana-godzin-treningow-biskupice\/\" class=\"more-link\">Czytaj dalej <span class=\"screen-reader-text\">Uwaga &#8211; zmiana godzin trening\u00f3w Biskupice<\/span> <span class=\"meta-nav\">&rarr;<\/span><\/a><\/p>\n","protected":false},"author":1,"featured_media":2182,"comment_status":"open","ping_status":"","sticky":false,"template":"","format":"standard","meta":{"footnotes":""},"categories":[2],"tags":[],"class_list":["post-2359","post","type-post","status-publish","format-standard","has-post-thumbnail","hentry","category-aikido"],"_links":{"self":[{"href":"https:\/\/irimi.pl\/index.php\/wp-json\/wp\/v2\/posts\/2359","targetHints":{"allow":["GET"]}}],"collection":[{"href":"https:\/\/irimi.pl\/index.php\/wp-json\/wp\/v2\/posts"}],"about":[{"href":"https:\/\/irimi.pl\/index.php\/wp-json\/wp\/v2\/types\/post"}],"author":[{"embeddable":true,"href":"https:\/\/irimi.pl\/index.php\/wp-json\/wp\/v2\/users\/1"}],"replies":[{"embeddable":true,"href":"https:\/\/irimi.pl\/index.php\/wp-json\/wp\/v2\/comments?post=2359"}],"version-history":[{"count":4,"href":"https:\/\/irimi.pl\/index.php\/wp-json\/wp\/v2\/posts\/2359\/revisions"}],"predecessor-version":[{"id":3251,"href":"https:\/\/irimi.pl\/index.php\/wp-json\/wp\/v2\/posts\/2359\/revisions\/3251"}],"wp:featuredmedia":[{"embeddable":true,"href":"https:\/\/irimi.pl\/index.php\/wp-json\/wp\/v2\/media\/2182"}],"wp:attachment":[{"href":"https:\/\/irimi.pl\/index.php\/wp-json\/wp\/v2\/media?parent=2359"}],"wp:term":[{"taxonomy":"category","embeddable":true,"href":"https:\/\/irimi.pl\/index.php\/wp-json\/wp\/v2\/categories?post=2359"},{"taxonomy":"post_tag","embeddable":true,"href":"https:\/\/irimi.pl\/index.php\/wp-json\/wp\/v2\/tags?post=2359"}],"curies":[{"name":"wp","href":"https:\/\/api.w.org\/{rel}","templated":true}]}}