{"id":204,"date":"2018-06-04T11:39:29","date_gmt":"2018-06-04T09:39:29","guid":{"rendered":"http:\/\/irimi.pl\/?p=204"},"modified":"2018-06-04T11:39:29","modified_gmt":"2018-06-04T09:39:29","slug":"aikismok-na-paradzie-smokow-w-krakowie","status":"publish","type":"post","link":"https:\/\/irimi.pl\/index.php\/2018\/06\/04\/aikismok-na-paradzie-smokow-w-krakowie\/","title":{"rendered":"&#8222;Aikismok&#8221; na paradzie smok\u00f3w w Krakowie"},"content":{"rendered":"<p>\t\t\t\tMy po raz drugi, a Krak\u00f3w po raz 18 go\u015bci\u0142 kilkadziesi\u0105t smok\u00f3w, kt\u00f3re przesz\u0142y w niedziel\u0119 3 czerwca ulicami.<br \/>\nBy\u0142 w\u015br\u00f3d nich r\u00f3wnie\u017c Aiki-smok, przygotowany przez najm\u0142odszych z sekcji Yoshinkan Senseikai Aikido.<\/p>\n<p><img loading=\"lazy\" decoding=\"async\" class=\"aligncenter wp-image-205 size-large\" src=\"http:\/\/irimi.pl\/wp-content\/uploads\/2018\/06\/20180603_122231-1024x614.jpg\" alt=\"\" width=\"654\" height=\"392\"><\/p>\n<p><!--more--><\/p>\n<p>Przed parad\u0105 musia\u0142 zosta\u0107 posk\u0142adany \ud83d\ude42<br \/>\n<img loading=\"lazy\" decoding=\"async\" class=\"alignnone size-medium wp-image-206\" src=\"http:\/\/irimi.pl\/wp-content\/uploads\/2018\/06\/20180603_114230-e1528104911188-180x300.jpg\" alt=\"\" width=\"180\" height=\"300\"> <img loading=\"lazy\" decoding=\"async\" class=\"alignnone size-medium wp-image-207\" src=\"http:\/\/irimi.pl\/wp-content\/uploads\/2018\/06\/20180603_114242-e1528104902644-180x300.jpg\" alt=\"\" width=\"180\" height=\"300\"> <img loading=\"lazy\" decoding=\"async\" class=\"alignnone size-medium wp-image-208\" src=\"http:\/\/irimi.pl\/wp-content\/uploads\/2018\/06\/20180603_114256-e1528104893449-180x300.jpg\" alt=\"\" width=\"180\" height=\"300\"> <img loading=\"lazy\" decoding=\"async\" class=\"alignnone size-medium wp-image-210\" src=\"http:\/\/irimi.pl\/wp-content\/uploads\/2018\/06\/20180603_114745-300x180.jpg\" alt=\"\" width=\"300\" height=\"180\">&nbsp; <img loading=\"lazy\" decoding=\"async\" class=\"alignnone size-medium wp-image-209\" src=\"http:\/\/irimi.pl\/wp-content\/uploads\/2018\/06\/20180603_114611-300x180.jpg\" alt=\"\" width=\"300\" height=\"180\"><\/p>\n<p>Potem dumnie kroczy\u0142 ulicami Krakowa<\/p>\n<p><img loading=\"lazy\" decoding=\"async\" class=\"alignnone size-medium wp-image-214\" src=\"http:\/\/irimi.pl\/wp-content\/uploads\/2018\/06\/20180603_132712-e1528105057467-180x300.jpg\" alt=\"\" width=\"180\" height=\"300\"> <img loading=\"lazy\" decoding=\"async\" class=\"alignnone size-medium wp-image-213\" src=\"http:\/\/irimi.pl\/wp-content\/uploads\/2018\/06\/20180603_122500-e1528105049271-180x300.jpg\" alt=\"\" width=\"180\" height=\"300\"> <img loading=\"lazy\" decoding=\"async\" class=\"alignnone size-medium wp-image-212\" src=\"http:\/\/irimi.pl\/wp-content\/uploads\/2018\/06\/20180603_122203-e1528105040869-180x300.jpg\" alt=\"\" width=\"180\" height=\"300\"> <img loading=\"lazy\" decoding=\"async\" class=\"alignnone size-medium wp-image-211\" src=\"http:\/\/irimi.pl\/wp-content\/uploads\/2018\/06\/20180603_122154-e1528105032637-180x300.jpg\" alt=\"\" width=\"180\" height=\"300\"><\/p>\n<p>Na ko\u0144cu zas\u0142u\u017cone LODY !!!<\/p>\n<p><img loading=\"lazy\" decoding=\"async\" class=\"alignnone size-medium wp-image-215\" src=\"http:\/\/irimi.pl\/wp-content\/uploads\/2018\/06\/20180603_144221-300x180.jpg\" alt=\"\" width=\"300\" height=\"180\"> <img loading=\"lazy\" decoding=\"async\" class=\"alignnone size-medium wp-image-216\" src=\"http:\/\/irimi.pl\/wp-content\/uploads\/2018\/06\/20180603_144228-300x180.jpg\" alt=\"\" width=\"300\" height=\"180\">\t\t<\/p>\n","protected":false},"excerpt":{"rendered":"<p>My po raz drugi, a Krak\u00f3w po raz 18 go\u015bci\u0142 kilkadziesi\u0105t smok\u00f3w, kt\u00f3re przesz\u0142y w niedziel\u0119 3 czerwca ulicami. By\u0142 w\u015br\u00f3d nich r\u00f3wnie\u017c Aiki-smok, przygotowany przez najm\u0142odszych z sekcji Yoshinkan Senseikai Aikido.<\/p>\n","protected":false},"author":2,"featured_media":0,"comment_status":"closed","ping_status":"closed","sticky":false,"template":"","format":"standard","meta":{"footnotes":""},"categories":[2],"tags":[],"class_list":["post-204","post","type-post","status-publish","format-standard","hentry","category-aikido"],"_links":{"self":[{"href":"https:\/\/irimi.pl\/index.php\/wp-json\/wp\/v2\/posts\/204","targetHints":{"allow":["GET"]}}],"collection":[{"href":"https:\/\/irimi.pl\/index.php\/wp-json\/wp\/v2\/posts"}],"about":[{"href":"https:\/\/irimi.pl\/index.php\/wp-json\/wp\/v2\/types\/post"}],"author":[{"embeddable":true,"href":"https:\/\/irimi.pl\/index.php\/wp-json\/wp\/v2\/users\/2"}],"replies":[{"embeddable":true,"href":"https:\/\/irimi.pl\/index.php\/wp-json\/wp\/v2\/comments?post=204"}],"version-history":[{"count":0,"href":"https:\/\/irimi.pl\/index.php\/wp-json\/wp\/v2\/posts\/204\/revisions"}],"wp:attachment":[{"href":"https:\/\/irimi.pl\/index.php\/wp-json\/wp\/v2\/media?parent=204"}],"wp:term":[{"taxonomy":"category","embeddable":true,"href":"https:\/\/irimi.pl\/index.php\/wp-json\/wp\/v2\/categories?post=204"},{"taxonomy":"post_tag","embeddable":true,"href":"https:\/\/irimi.pl\/index.php\/wp-json\/wp\/v2\/tags?post=204"}],"curies":[{"name":"wp","href":"https:\/\/api.w.org\/{rel}","templated":true}]}}