{"id":1973,"date":"2021-11-24T10:07:52","date_gmt":"2021-11-24T10:07:52","guid":{"rendered":"https:\/\/irimi.pl\/?p=1973"},"modified":"2021-11-24T10:12:59","modified_gmt":"2021-11-24T10:12:59","slug":"od-1-grudnia-2-grupy-w-biskupicach","status":"publish","type":"post","link":"https:\/\/irimi.pl\/index.php\/2021\/11\/24\/od-1-grudnia-2-grupy-w-biskupicach\/","title":{"rendered":"Od 1 grudnia &#8211; 2 grupy w Biskupicach"},"content":{"rendered":"\n<p>Ze wzgl\u0119du na du\u017ce zainteresowanie oraz zr\u00f3\u017cnicowanie powsta\u0142ej grupy zaj\u0119cia w Zabrzu &#8211; Biskupicach,  prowadzone w  Szkole Podstawowej nr 21, <strong>ul. Bytomska 26<\/strong>, od 1 grudnia b\u0119d\u0105 przeprowadzane w dw\u00f3ch grupach:<\/p>\n\n\n\n<ul class=\"wp-block-list\"><li><strong>dzieci &#8211; grupa m\u0142odsza<\/strong> <strong><span class=\"has-inline-color has-red-color\">TRWAJ\u0104 ZAPISY !!!<\/span><\/strong><br>wtorek, pi\u0105tek <strong>17:00 \u2013 18:00<\/strong> &#8211; dzieci od 5 do lat 8 <br><\/li><li><strong>dzieci &#8211; grupa starsza<\/strong><br>wtorek, pi\u0105tek <strong>18:00 \u2013 19:00<\/strong> &#8211; dzieci od 8 lat i m\u0142odzie\u017c<\/li><\/ul>\n\n\n\n<p>G\u0142\u00f3wny prowadz\u0105cy: Sensei Kamil Krzemi\u0144ski (6 dan YAF), tel. kontaktowy 510-138-774<\/p>\n\n\n\n<p>Zapraszamy !<\/p>\n","protected":false},"excerpt":{"rendered":"<p>Ze wzgl\u0119du na du\u017ce zainteresowanie oraz zr\u00f3\u017cnicowanie powsta\u0142ej grupy zaj\u0119cia w Zabrzu &#8211; Biskupicach, prowadzone w Szkole Podstawowej nr 21, ul. Bytomska 26, od 1 grudnia b\u0119d\u0105 przeprowadzane w dw\u00f3ch grupach: dzieci &#8211; grupa m\u0142odsza TRWAJ\u0104 ZAPISY !!!wtorek, pi\u0105tek 17:00 \u2013 18:00 &#8211; dzieci od 5 do lat 8 dzieci &#8211; grupa starszawtorek, pi\u0105tek 18:00 &hellip; <a href=\"https:\/\/irimi.pl\/index.php\/2021\/11\/24\/od-1-grudnia-2-grupy-w-biskupicach\/\" class=\"more-link\">Czytaj dalej <span class=\"screen-reader-text\">Od 1 grudnia &#8211; 2 grupy w Biskupicach<\/span> <span class=\"meta-nav\">&rarr;<\/span><\/a><\/p>\n","protected":false},"author":1,"featured_media":1804,"comment_status":"closed","ping_status":"","sticky":false,"template":"","format":"standard","meta":{"footnotes":""},"categories":[2],"tags":[],"class_list":["post-1973","post","type-post","status-publish","format-standard","has-post-thumbnail","hentry","category-aikido"],"_links":{"self":[{"href":"https:\/\/irimi.pl\/index.php\/wp-json\/wp\/v2\/posts\/1973","targetHints":{"allow":["GET"]}}],"collection":[{"href":"https:\/\/irimi.pl\/index.php\/wp-json\/wp\/v2\/posts"}],"about":[{"href":"https:\/\/irimi.pl\/index.php\/wp-json\/wp\/v2\/types\/post"}],"author":[{"embeddable":true,"href":"https:\/\/irimi.pl\/index.php\/wp-json\/wp\/v2\/users\/1"}],"replies":[{"embeddable":true,"href":"https:\/\/irimi.pl\/index.php\/wp-json\/wp\/v2\/comments?post=1973"}],"version-history":[{"count":3,"href":"https:\/\/irimi.pl\/index.php\/wp-json\/wp\/v2\/posts\/1973\/revisions"}],"predecessor-version":[{"id":1977,"href":"https:\/\/irimi.pl\/index.php\/wp-json\/wp\/v2\/posts\/1973\/revisions\/1977"}],"wp:featuredmedia":[{"embeddable":true,"href":"https:\/\/irimi.pl\/index.php\/wp-json\/wp\/v2\/media\/1804"}],"wp:attachment":[{"href":"https:\/\/irimi.pl\/index.php\/wp-json\/wp\/v2\/media?parent=1973"}],"wp:term":[{"taxonomy":"category","embeddable":true,"href":"https:\/\/irimi.pl\/index.php\/wp-json\/wp\/v2\/categories?post=1973"},{"taxonomy":"post_tag","embeddable":true,"href":"https:\/\/irimi.pl\/index.php\/wp-json\/wp\/v2\/tags?post=1973"}],"curies":[{"name":"wp","href":"https:\/\/api.w.org\/{rel}","templated":true}]}}