{"id":1969,"date":"2021-11-17T09:59:00","date_gmt":"2021-11-17T09:59:00","guid":{"rendered":"https:\/\/irimi.pl\/?p=1969"},"modified":"2021-11-24T10:09:50","modified_gmt":"2021-11-24T10:09:50","slug":"zmiana-terminow-trenigow-w-grzybowicach","status":"publish","type":"post","link":"https:\/\/irimi.pl\/index.php\/2021\/11\/17\/zmiana-terminow-trenigow-w-grzybowicach\/","title":{"rendered":"Zmiana termin\u00f3w trenig\u00f3w w Grzybowicach"},"content":{"rendered":"\n<p>Treningi Aikido dla dzieci i m\u0142odzie\u017cy w Zabrzu Grzybowicach odbywaj\u0105 si\u0119 w sali w Dzielnicowym O\u015brodku Kultury przy ulicy ks. Badestinusa 60 we <strong>wtorki i pi\u0105tki<\/strong>.<\/p>\n\n\n\n<ul class=\"wp-block-list\"><li><strong>dzieci \u2013 grupa m\u0142odsza<\/strong><br>wtorek, pi\u0105tek 17:00 \u2013 18:00 \u2013 grupa m\u0142odsza<\/li><li><strong>dzieci \u2013 grupa starsza<\/strong><br>wtorek, pi\u0105tek 18:00 \u2013 19:00 \u2013 grupa starsza<br>prowadz\u0105cy:&nbsp; Sensei <strong>Zbyszek Olszewski<\/strong> (2 dan YAF),&nbsp; tel. kontaktowy 731-050-276<\/li><\/ul>\n\n\n\n<p>Zapraszamy !<\/p>\n","protected":false},"excerpt":{"rendered":"<p>Treningi Aikido dla dzieci i m\u0142odzie\u017cy w Zabrzu Grzybowicach odbywaj\u0105 si\u0119 w sali w Dzielnicowym O\u015brodku Kultury przy ulicy ks. Badestinusa 60 we wtorki i pi\u0105tki. dzieci \u2013 grupa m\u0142odszawtorek, pi\u0105tek 17:00 \u2013 18:00 \u2013 grupa m\u0142odsza dzieci \u2013 grupa starszawtorek, pi\u0105tek 18:00 \u2013 19:00 \u2013 grupa starszaprowadz\u0105cy:&nbsp; Sensei Zbyszek Olszewski (2 dan YAF),&nbsp; tel. &hellip; <a href=\"https:\/\/irimi.pl\/index.php\/2021\/11\/17\/zmiana-terminow-trenigow-w-grzybowicach\/\" class=\"more-link\">Czytaj dalej <span class=\"screen-reader-text\">Zmiana termin\u00f3w trenig\u00f3w w Grzybowicach<\/span> <span class=\"meta-nav\">&rarr;<\/span><\/a><\/p>\n","protected":false},"author":1,"featured_media":1687,"comment_status":"closed","ping_status":"","sticky":false,"template":"","format":"standard","meta":{"footnotes":""},"categories":[2],"tags":[],"class_list":["post-1969","post","type-post","status-publish","format-standard","has-post-thumbnail","hentry","category-aikido"],"_links":{"self":[{"href":"https:\/\/irimi.pl\/index.php\/wp-json\/wp\/v2\/posts\/1969","targetHints":{"allow":["GET"]}}],"collection":[{"href":"https:\/\/irimi.pl\/index.php\/wp-json\/wp\/v2\/posts"}],"about":[{"href":"https:\/\/irimi.pl\/index.php\/wp-json\/wp\/v2\/types\/post"}],"author":[{"embeddable":true,"href":"https:\/\/irimi.pl\/index.php\/wp-json\/wp\/v2\/users\/1"}],"replies":[{"embeddable":true,"href":"https:\/\/irimi.pl\/index.php\/wp-json\/wp\/v2\/comments?post=1969"}],"version-history":[{"count":2,"href":"https:\/\/irimi.pl\/index.php\/wp-json\/wp\/v2\/posts\/1969\/revisions"}],"predecessor-version":[{"id":1975,"href":"https:\/\/irimi.pl\/index.php\/wp-json\/wp\/v2\/posts\/1969\/revisions\/1975"}],"wp:featuredmedia":[{"embeddable":true,"href":"https:\/\/irimi.pl\/index.php\/wp-json\/wp\/v2\/media\/1687"}],"wp:attachment":[{"href":"https:\/\/irimi.pl\/index.php\/wp-json\/wp\/v2\/media?parent=1969"}],"wp:term":[{"taxonomy":"category","embeddable":true,"href":"https:\/\/irimi.pl\/index.php\/wp-json\/wp\/v2\/categories?post=1969"},{"taxonomy":"post_tag","embeddable":true,"href":"https:\/\/irimi.pl\/index.php\/wp-json\/wp\/v2\/tags?post=1969"}],"curies":[{"name":"wp","href":"https:\/\/api.w.org\/{rel}","templated":true}]}}