{"id":1765,"date":"2021-06-29T18:00:45","date_gmt":"2021-06-29T18:00:45","guid":{"rendered":"http:\/\/irimi.pl\/?p=1765"},"modified":"2021-07-06T07:59:13","modified_gmt":"2021-07-06T07:59:13","slug":"1765","status":"publish","type":"post","link":"https:\/\/irimi.pl\/index.php\/2021\/06\/29\/1765\/","title":{"rendered":"Zako\u0144czenie sezonu 2020\/21"},"content":{"rendered":"\n<p>Sezon 2020\/21 zako\u0144czony &#8230;<\/p>\n\n\n\n<p>Mam nadziej\u0119 \u017ce nowy sezon 2021\/22 b\u0119dzie lepszy &#8230;<\/p>\n\n\n\n<p>W wakacje w lipcu trenujemy w poniedzia\u0142ek o godzinie 18.30 -20.00 w Dojo na Hali MOSiR Zabrze ul. Matejki 6 oraz we wtorki w DOK w Grzybowicach godz. 17.00 -19.00 Serdecznie zapraszamy oraz \u017cyczymy wakacyjnego wypoczynku !!! OSU !!! Sensei Kamil <\/p>\n\n\n\n<p>P.S.18.09.2021 zapraszamy na pokaz w Parku 12C wraz z imprez\u0105 Motoserce oraz seminarium szkoleniowym z naszym Mistrzem, Mentorem i Nauczycielem Matsuo Masazumi Shihan ( 8 dan AYF ) oraz Matsuo Chizuko Shihan ( 8 dan AYF ) kt\u00f3re odb\u0119dzie si\u0119 na prze\u0142omie wrze\u015bnia i pa\u017adziernika 2021 ( b\u0119dziemy informowa\u0107 ). Mamy nadziej\u0119,\u017ce nic nie stanie nam na przeszkodzie ( Covid ) &#8230;<\/p>\n\n\n\n<figure class=\"wp-block-image\"><img decoding=\"async\" src=\"https:\/\/scontent-frt3-1.xx.fbcdn.net\/v\/t1.6435-9\/207263092_3037772019836295_4704057435352563219_n.jpg?_nc_cat=107&amp;ccb=1-3&amp;_nc_sid=8bfeb9&amp;_nc_ohc=sD28OcNXXm4AX_G47sV&amp;_nc_ht=scontent-frt3-1.xx&amp;oh=414432ce1a4103f663c216759947fe96&amp;oe=60E943CC\" alt=\"Mo\u017ce by\u0107 zdj\u0119ciem przedstawiaj\u0105cym co najmniej jedna osoba i w budynku\"\/><\/figure>\n","protected":false},"excerpt":{"rendered":"<p>Sezon 2020\/21 zako\u0144czony &#8230; Mam nadziej\u0119 \u017ce nowy sezon 2021\/22 b\u0119dzie lepszy &#8230; W wakacje w lipcu trenujemy w poniedzia\u0142ek o godzinie 18.30 -20.00 w Dojo na Hali MOSiR Zabrze ul. Matejki 6 oraz we wtorki w DOK w Grzybowicach godz. 17.00 -19.00 Serdecznie zapraszamy oraz \u017cyczymy wakacyjnego wypoczynku !!! OSU !!! Sensei Kamil P.S.18.09.2021 &hellip; <a href=\"https:\/\/irimi.pl\/index.php\/2021\/06\/29\/1765\/\" class=\"more-link\">Czytaj dalej <span class=\"screen-reader-text\">Zako\u0144czenie sezonu 2020\/21<\/span> <span class=\"meta-nav\">&rarr;<\/span><\/a><\/p>\n","protected":false},"author":3,"featured_media":0,"comment_status":"closed","ping_status":"","sticky":false,"template":"","format":"standard","meta":{"footnotes":""},"categories":[2],"tags":[],"class_list":["post-1765","post","type-post","status-publish","format-standard","hentry","category-aikido"],"_links":{"self":[{"href":"https:\/\/irimi.pl\/index.php\/wp-json\/wp\/v2\/posts\/1765","targetHints":{"allow":["GET"]}}],"collection":[{"href":"https:\/\/irimi.pl\/index.php\/wp-json\/wp\/v2\/posts"}],"about":[{"href":"https:\/\/irimi.pl\/index.php\/wp-json\/wp\/v2\/types\/post"}],"author":[{"embeddable":true,"href":"https:\/\/irimi.pl\/index.php\/wp-json\/wp\/v2\/users\/3"}],"replies":[{"embeddable":true,"href":"https:\/\/irimi.pl\/index.php\/wp-json\/wp\/v2\/comments?post=1765"}],"version-history":[{"count":6,"href":"https:\/\/irimi.pl\/index.php\/wp-json\/wp\/v2\/posts\/1765\/revisions"}],"predecessor-version":[{"id":1772,"href":"https:\/\/irimi.pl\/index.php\/wp-json\/wp\/v2\/posts\/1765\/revisions\/1772"}],"wp:attachment":[{"href":"https:\/\/irimi.pl\/index.php\/wp-json\/wp\/v2\/media?parent=1765"}],"wp:term":[{"taxonomy":"category","embeddable":true,"href":"https:\/\/irimi.pl\/index.php\/wp-json\/wp\/v2\/categories?post=1765"},{"taxonomy":"post_tag","embeddable":true,"href":"https:\/\/irimi.pl\/index.php\/wp-json\/wp\/v2\/tags?post=1765"}],"curies":[{"name":"wp","href":"https:\/\/api.w.org\/{rel}","templated":true}]}}