{"id":1683,"date":"2021-05-26T18:51:33","date_gmt":"2021-05-26T18:51:33","guid":{"rendered":"http:\/\/irimi.pl\/?p=1683"},"modified":"2021-05-26T19:04:59","modified_gmt":"2021-05-26T19:04:59","slug":"od-jutra-wracaja-zajecia-w-grzybowicach","status":"publish","type":"post","link":"https:\/\/irimi.pl\/index.php\/2021\/05\/26\/od-jutra-wracaja-zajecia-w-grzybowicach\/","title":{"rendered":"Od jutra wracaj\u0105 zaj\u0119cia w Grzybowicach"},"content":{"rendered":"\n<p>Po d\u0142ugiej przerwie  zwi\u0105zanej z obostrzeniami COVID 19 nareszcie wracaj\u0105 zaj\u0119cia w Zabrzu &#8211; Grzybowicach.  Do ko\u0144ca roku szkolnego odbywaj\u0105 si\u0119 wed\u0142ug wcze\u015bniejszego grafika:<\/p>\n\n\n\n<p><strong>DOK Grzybowice, <\/strong>ul. ks. Badestinusa 60<br><br><strong>wtorki i czwartki <\/strong><br>&#8211; 17:00 &#8211; 18:00  &#8211; grupa m\u0142odsza<br>&#8211; 18:00 &#8211; 19:00 &#8211; grupa starsza<br><br>ZAPRASZAMY!<br>Wi\u0119cej informacji u Sensei Zbyszka tel. 731-050-276. <\/p>\n\n\n\n<figure class=\"wp-block-gallery columns-2 is-cropped wp-block-gallery-1 is-layout-flex wp-block-gallery-is-layout-flex\"><ul class=\"blocks-gallery-grid\"><li class=\"blocks-gallery-item\"><figure><img loading=\"lazy\" decoding=\"async\" width=\"1024\" height=\"768\" src=\"http:\/\/irimi.pl\/wp-content\/uploads\/2021\/05\/IMG_2873-1024x768.jpg\" alt=\"\" data-id=\"1687\" data-full-url=\"http:\/\/irimi.pl\/wp-content\/uploads\/2021\/05\/IMG_2873-scaled.jpg\" data-link=\"http:\/\/irimi.pl\/img_2873\/\" class=\"wp-image-1687\" srcset=\"https:\/\/irimi.pl\/wp-content\/uploads\/2021\/05\/IMG_2873-1024x768.jpg 1024w, https:\/\/irimi.pl\/wp-content\/uploads\/2021\/05\/IMG_2873-300x225.jpg 300w, https:\/\/irimi.pl\/wp-content\/uploads\/2021\/05\/IMG_2873-768x576.jpg 768w, https:\/\/irimi.pl\/wp-content\/uploads\/2021\/05\/IMG_2873-1536x1152.jpg 1536w, https:\/\/irimi.pl\/wp-content\/uploads\/2021\/05\/IMG_2873-2048x1536.jpg 2048w\" sizes=\"auto, (max-width: 1024px) 100vw, 1024px\" \/><\/figure><\/li><li class=\"blocks-gallery-item\"><figure><img loading=\"lazy\" decoding=\"async\" width=\"1024\" height=\"768\" src=\"http:\/\/irimi.pl\/wp-content\/uploads\/2021\/05\/IMG_2884-1024x768.jpg\" alt=\"\" data-id=\"1686\" data-full-url=\"http:\/\/irimi.pl\/wp-content\/uploads\/2021\/05\/IMG_2884-scaled.jpg\" data-link=\"http:\/\/irimi.pl\/img_2884\/\" class=\"wp-image-1686\" srcset=\"https:\/\/irimi.pl\/wp-content\/uploads\/2021\/05\/IMG_2884-1024x768.jpg 1024w, https:\/\/irimi.pl\/wp-content\/uploads\/2021\/05\/IMG_2884-300x225.jpg 300w, https:\/\/irimi.pl\/wp-content\/uploads\/2021\/05\/IMG_2884-768x576.jpg 768w, https:\/\/irimi.pl\/wp-content\/uploads\/2021\/05\/IMG_2884-1536x1152.jpg 1536w, https:\/\/irimi.pl\/wp-content\/uploads\/2021\/05\/IMG_2884-2048x1536.jpg 2048w\" sizes=\"auto, (max-width: 1024px) 100vw, 1024px\" \/><\/figure><\/li><\/ul><\/figure>\n\n\n\n<p><\/p>\n","protected":false},"excerpt":{"rendered":"<p>Po d\u0142ugiej przerwie zwi\u0105zanej z obostrzeniami COVID 19 nareszcie wracaj\u0105 zaj\u0119cia w Zabrzu &#8211; Grzybowicach. Do ko\u0144ca roku szkolnego odbywaj\u0105 si\u0119 wed\u0142ug wcze\u015bniejszego grafika: DOK Grzybowice, ul. ks. Badestinusa 60 wtorki i czwartki &#8211; 17:00 &#8211; 18:00 &#8211; grupa m\u0142odsza&#8211; 18:00 &#8211; 19:00 &#8211; grupa starsza ZAPRASZAMY!Wi\u0119cej informacji u Sensei Zbyszka tel. 731-050-276.<\/p>\n","protected":false},"author":1,"featured_media":1689,"comment_status":"closed","ping_status":"","sticky":false,"template":"","format":"standard","meta":{"footnotes":""},"categories":[2],"tags":[],"class_list":["post-1683","post","type-post","status-publish","format-standard","has-post-thumbnail","hentry","category-aikido"],"_links":{"self":[{"href":"https:\/\/irimi.pl\/index.php\/wp-json\/wp\/v2\/posts\/1683","targetHints":{"allow":["GET"]}}],"collection":[{"href":"https:\/\/irimi.pl\/index.php\/wp-json\/wp\/v2\/posts"}],"about":[{"href":"https:\/\/irimi.pl\/index.php\/wp-json\/wp\/v2\/types\/post"}],"author":[{"embeddable":true,"href":"https:\/\/irimi.pl\/index.php\/wp-json\/wp\/v2\/users\/1"}],"replies":[{"embeddable":true,"href":"https:\/\/irimi.pl\/index.php\/wp-json\/wp\/v2\/comments?post=1683"}],"version-history":[{"count":4,"href":"https:\/\/irimi.pl\/index.php\/wp-json\/wp\/v2\/posts\/1683\/revisions"}],"predecessor-version":[{"id":1691,"href":"https:\/\/irimi.pl\/index.php\/wp-json\/wp\/v2\/posts\/1683\/revisions\/1691"}],"wp:featuredmedia":[{"embeddable":true,"href":"https:\/\/irimi.pl\/index.php\/wp-json\/wp\/v2\/media\/1689"}],"wp:attachment":[{"href":"https:\/\/irimi.pl\/index.php\/wp-json\/wp\/v2\/media?parent=1683"}],"wp:term":[{"taxonomy":"category","embeddable":true,"href":"https:\/\/irimi.pl\/index.php\/wp-json\/wp\/v2\/categories?post=1683"},{"taxonomy":"post_tag","embeddable":true,"href":"https:\/\/irimi.pl\/index.php\/wp-json\/wp\/v2\/tags?post=1683"}],"curies":[{"name":"wp","href":"https:\/\/api.w.org\/{rel}","templated":true}]}}