{"id":1454,"date":"2020-09-30T22:26:07","date_gmt":"2020-09-30T20:26:07","guid":{"rendered":"http:\/\/irimi.pl\/?p=1454"},"modified":"2023-10-29T10:10:52","modified_gmt":"2023-10-29T10:10:52","slug":"wrzesien-w-dojo-w-zabrzu","status":"publish","type":"post","link":"https:\/\/irimi.pl\/index.php\/2020\/09\/30\/wrzesien-w-dojo-w-zabrzu\/","title":{"rendered":"Wrzesie\u0144 w dojo w Zabrzu"},"content":{"rendered":"\n<p><strong>Doro\u015bli i m\u0142odzie\u017c<\/strong><br>Wsp\u00f3lnie trenuje m\u0142odzie\u017c od 13 roku \u017cycia i doro\u015bli w poniedzia\u0142ki i czwartki 18:30 \u2013 20:00 na Hali MOSiR .<\/p>\n\n\n\n<figure class=\"wp-block-gallery columns-2 is-cropped wp-block-gallery-1 is-layout-flex wp-block-gallery-is-layout-flex\"><ul class=\"blocks-gallery-grid\"><li class=\"blocks-gallery-item\"><figure><img decoding=\"async\" src=\"http:\/\/irimi.pl\/wp-content\/uploads\/2020\/09\/IMG_2853-1024x768.jpg\" alt=\"\" data-id=\"1448\" data-link=\"http:\/\/irimi.pl\/img_2853\/\" class=\"wp-image-1448\"\/><\/figure><\/li><li class=\"blocks-gallery-item\"><figure><img decoding=\"async\" src=\"http:\/\/irimi.pl\/wp-content\/uploads\/2020\/09\/IMG_2829-1024x768.jpg\" alt=\"\" data-id=\"1447\" data-link=\"http:\/\/irimi.pl\/img_2829\/\" class=\"wp-image-1447\"\/><\/figure><\/li><\/ul><\/figure>\n\n\n\n<p><strong>Dzieci<\/strong><br>Zaj\u0119cia w <strong>Biskupicach<\/strong> . Treningi b\u0119d\u0105 odbywaj\u0105 si\u0119 we wtorek i pi\u0105tek 18:00-19 :00 w sali Forum Organizacji Pozarz\u0105dowych RAZEM, ul.Bytomska 24.<\/p>\n\n\n\n<figure class=\"wp-block-gallery columns-2 is-cropped wp-block-gallery-2 is-layout-flex wp-block-gallery-is-layout-flex\"><ul class=\"blocks-gallery-grid\"><li class=\"blocks-gallery-item\"><figure><img decoding=\"async\" src=\"http:\/\/irimi.pl\/wp-content\/uploads\/2020\/09\/IMG_2898-1024x768.jpg\" alt=\"\" data-id=\"1452\" data-link=\"http:\/\/irimi.pl\/img_2898\/\" class=\"wp-image-1452\"\/><\/figure><\/li><li class=\"blocks-gallery-item\"><figure><img decoding=\"async\" src=\"http:\/\/irimi.pl\/wp-content\/uploads\/2020\/09\/IMG_2671-1024x768.jpg\" alt=\"\" data-id=\"1445\" data-link=\"http:\/\/irimi.pl\/img_2671\/\" class=\"wp-image-1445\"\/><\/figure><\/li><\/ul><\/figure>\n\n\n\n<p>01.09.2020 (wtorek) \u2013 zaj\u0119cia w <strong>Grzybowicach<\/strong> . Treningi b\u0119d\u0105 odbywa\u0107 si\u0119 ka\u017cdy wtorek i czwartek 17:00-18 :00 (grupa m\u0142odsza) oraz 18:00-19:00 (grupa starsza) w sali DOK Grzybowice, ul. ks. Badestinusa 60. Zaj\u0119cia prowadzone s\u0105 przez Sensei Zbyszka.<br><\/p>\n\n\n\n<figure class=\"wp-block-gallery columns-3 is-cropped wp-block-gallery-3 is-layout-flex wp-block-gallery-is-layout-flex\"><ul class=\"blocks-gallery-grid\"><li class=\"blocks-gallery-item\"><figure><img decoding=\"async\" src=\"http:\/\/irimi.pl\/wp-content\/uploads\/2020\/09\/IMG_2880-1024x768.jpg\" alt=\"\" data-id=\"1451\" data-link=\"http:\/\/irimi.pl\/img_2880\/\" class=\"wp-image-1451\"\/><\/figure><\/li><li class=\"blocks-gallery-item\"><figure><img decoding=\"async\" src=\"http:\/\/irimi.pl\/wp-content\/uploads\/2020\/09\/IMG_2872-1024x768.jpg\" alt=\"\" data-id=\"1450\" data-link=\"http:\/\/irimi.pl\/img_2872\/\" class=\"wp-image-1450\"\/><\/figure><\/li><li class=\"blocks-gallery-item\"><figure><img decoding=\"async\" src=\"http:\/\/irimi.pl\/wp-content\/uploads\/2020\/09\/zbyszek-1024x506.png\" alt=\"\" data-id=\"1437\" data-link=\"http:\/\/irimi.pl\/zbyszek-2\/\" class=\"wp-image-1437\"\/><\/figure><\/li><li class=\"blocks-gallery-item\"><figure><img decoding=\"async\" src=\"http:\/\/irimi.pl\/wp-content\/uploads\/2020\/09\/20200901_111059-1024x768.jpg\" alt=\"\" data-id=\"1432\" data-link=\"http:\/\/irimi.pl\/pokaz-w-grzybowicach\/20200901_111059\/\" class=\"wp-image-1432\"\/><\/figure><\/li><\/ul><\/figure>\n\n\n\n<p><br>W poniedzia\u0142ki i czwartki na <strong>Hali MOSiR<\/strong> poziom 7.5 odbywaj\u0105 si\u0119 zaj\u0119cia wsp\u00f3lnie dla dzieci 4-7 lat oraz 8-13 lat, prowadzone r\u00f3wnocze\u015bnie przez Sensei-a Marka i Kamila.<\/p>\n\n\n\n<figure class=\"wp-block-gallery columns-2 is-cropped wp-block-gallery-4 is-layout-flex wp-block-gallery-is-layout-flex\"><ul class=\"blocks-gallery-grid\"><li class=\"blocks-gallery-item\"><figure><img decoding=\"async\" src=\"http:\/\/irimi.pl\/wp-content\/uploads\/2020\/09\/IMG_2646-1024x768.jpg\" alt=\"\" data-id=\"1444\" data-link=\"http:\/\/irimi.pl\/img_2646\/\" class=\"wp-image-1444\"\/><\/figure><\/li><li class=\"blocks-gallery-item\"><figure><img decoding=\"async\" src=\"http:\/\/irimi.pl\/wp-content\/uploads\/2020\/09\/IMG_2645-1024x768.jpg\" alt=\"\" data-id=\"1443\" data-link=\"http:\/\/irimi.pl\/img_2645\/\" class=\"wp-image-1443\"\/><\/figure><\/li><\/ul><\/figure>\n\n\n\n<p>A od pa\u017adziernika zapraszamy na Zandk\u0119 do \u015awietlicy, ul. <strong>Bo\u0144czyka 25. <\/strong>Sensei Kamil uk\u0142ada\u0142 dzisiaj maty \ud83d\ude09<\/p>\n\n\n\n<figure class=\"wp-block-gallery columns-1 is-cropped wp-block-gallery-5 is-layout-flex wp-block-gallery-is-layout-flex\"><ul class=\"blocks-gallery-grid\"><li class=\"blocks-gallery-item\"><figure><img decoding=\"async\" src=\"http:\/\/irimi.pl\/wp-content\/uploads\/2020\/09\/IMG_2903-1024x768.jpg\" alt=\"\" data-id=\"1453\" data-link=\"http:\/\/irimi.pl\/img_2903\/\" class=\"wp-image-1453\"\/><\/figure><\/li><\/ul><\/figure>\n\n\n\n<p><\/p>\n","protected":false},"excerpt":{"rendered":"<p>Doro\u015bli i m\u0142odzie\u017cWsp\u00f3lnie trenuje m\u0142odzie\u017c od 13 roku \u017cycia i doro\u015bli w poniedzia\u0142ki i czwartki 18:30 \u2013 20:00 na Hali MOSiR . DzieciZaj\u0119cia w Biskupicach . Treningi b\u0119d\u0105 odbywaj\u0105 si\u0119 we wtorek i pi\u0105tek 18:00-19 :00 w sali Forum Organizacji Pozarz\u0105dowych RAZEM, ul.Bytomska 24. 01.09.2020 (wtorek) \u2013 zaj\u0119cia w Grzybowicach . Treningi b\u0119d\u0105 odbywa\u0107 si\u0119 &hellip; <a href=\"https:\/\/irimi.pl\/index.php\/2020\/09\/30\/wrzesien-w-dojo-w-zabrzu\/\" class=\"more-link\">Czytaj dalej <span class=\"screen-reader-text\">Wrzesie\u0144 w dojo w Zabrzu<\/span> <span class=\"meta-nav\">&rarr;<\/span><\/a><\/p>\n","protected":false},"author":2,"featured_media":1442,"comment_status":"closed","ping_status":"open","sticky":false,"template":"","format":"standard","meta":{"footnotes":""},"categories":[2],"tags":[1],"class_list":["post-1454","post","type-post","status-publish","format-standard","has-post-thumbnail","hentry","category-aikido","tag-aikido"],"_links":{"self":[{"href":"https:\/\/irimi.pl\/index.php\/wp-json\/wp\/v2\/posts\/1454","targetHints":{"allow":["GET"]}}],"collection":[{"href":"https:\/\/irimi.pl\/index.php\/wp-json\/wp\/v2\/posts"}],"about":[{"href":"https:\/\/irimi.pl\/index.php\/wp-json\/wp\/v2\/types\/post"}],"author":[{"embeddable":true,"href":"https:\/\/irimi.pl\/index.php\/wp-json\/wp\/v2\/users\/2"}],"replies":[{"embeddable":true,"href":"https:\/\/irimi.pl\/index.php\/wp-json\/wp\/v2\/comments?post=1454"}],"version-history":[{"count":1,"href":"https:\/\/irimi.pl\/index.php\/wp-json\/wp\/v2\/posts\/1454\/revisions"}],"predecessor-version":[{"id":3272,"href":"https:\/\/irimi.pl\/index.php\/wp-json\/wp\/v2\/posts\/1454\/revisions\/3272"}],"wp:featuredmedia":[{"embeddable":true,"href":"https:\/\/irimi.pl\/index.php\/wp-json\/"}],"wp:attachment":[{"href":"https:\/\/irimi.pl\/index.php\/wp-json\/wp\/v2\/media?parent=1454"}],"wp:term":[{"taxonomy":"category","embeddable":true,"href":"https:\/\/irimi.pl\/index.php\/wp-json\/wp\/v2\/categories?post=1454"},{"taxonomy":"post_tag","embeddable":true,"href":"https:\/\/irimi.pl\/index.php\/wp-json\/wp\/v2\/tags?post=1454"}],"curies":[{"name":"wp","href":"https:\/\/api.w.org\/{rel}","templated":true}]}}