{"id":1428,"date":"2020-09-20T23:31:22","date_gmt":"2020-09-20T21:31:22","guid":{"rendered":"http:\/\/irimi.pl\/?p=1428"},"modified":"2020-09-20T23:31:22","modified_gmt":"2020-09-20T21:31:22","slug":"pokaz-w-grzybowicach","status":"publish","type":"post","link":"https:\/\/irimi.pl\/index.php\/2020\/09\/20\/pokaz-w-grzybowicach\/","title":{"rendered":"Pokaz w Grzybowicach"},"content":{"rendered":"\n\t\t\t\t\n<p>1 wrze\u015bnia nast\u0105pi\u0142o uroczyste otwarcie nowej sali gimnastycznej w Zabrzu &#8211; Grzybowicach. W ramach tej imprezy odby\u0142 si\u0119 pokaz sekcji dzieci\u0119cej  prowadzonej przez Sensei Zbyszka Olszewskiego  trenuj\u0105cej obecnie w Grzybowicach.<\/p>\n\n\n\n<ul class=\"wp-block-gallery columns-3 is-cropped wp-block-gallery-1 is-layout-flex wp-block-gallery-is-layout-flex\"><li class=\"blocks-gallery-item\"><figure><img decoding=\"async\" src=\"http:\/\/irimi.pl\/wp-content\/uploads\/2020\/09\/20200901_110346-1024x768.jpg\" alt=\"\" data-id=\"1429\" data-link=\"http:\/\/irimi.pl\/?attachment_id=1429\" class=\"wp-image-1429\"\/><\/figure><\/li><li class=\"blocks-gallery-item\"><figure><img decoding=\"async\" src=\"http:\/\/irimi.pl\/wp-content\/uploads\/2020\/09\/20200901_110444-1024x768.jpg\" alt=\"\" data-id=\"1430\" data-link=\"http:\/\/irimi.pl\/?attachment_id=1430\" class=\"wp-image-1430\"\/><\/figure><\/li><li class=\"blocks-gallery-item\"><figure><img decoding=\"async\" src=\"http:\/\/irimi.pl\/wp-content\/uploads\/2020\/09\/20200901_110757-1024x768.jpg\" alt=\"\" data-id=\"1431\" data-link=\"http:\/\/irimi.pl\/?attachment_id=1431\" class=\"wp-image-1431\"\/><\/figure><\/li><li class=\"blocks-gallery-item\"><figure><img decoding=\"async\" src=\"http:\/\/irimi.pl\/wp-content\/uploads\/2020\/09\/20200901_111059-1024x768.jpg\" alt=\"\" data-id=\"1432\" data-link=\"http:\/\/irimi.pl\/?attachment_id=1432\" class=\"wp-image-1432\"\/><\/figure><\/li><\/ul>\n\n\n\n<p>Wi\u0119cej zdje\u0107 z imprezy: <a href=\"http:\/\/grzybowice.pl\/fotografie\/949\">http:\/\/grzybowice.pl\/fotografie\/949<\/a><\/p>\n\n\n\n<p>Sekcja powsta\u0142a w listopadzie zesz\u0142ego roku. Zaj\u0119cia prowadzone s\u0105 2x w tygodniu &#8211; wtorki i czwartki w dw\u00f3ch grupach wiekowych:<br>&#8211; 17:00 &#8211; 18:00 gr. m\u0142odsza<br>&#8211; 18:00 &#8211; 19:00 gr. starsza<br>w MOK Grzybowice , ul.  ks. Badestinusa 60.<br>Wi\u0119cej informacji:\u00a0 Sensei <strong>Zbyszek Olszewski<\/strong> (1 dan YAF),\u00a0 tel. kontaktowy 731-050-276 <\/p>\n\t\t","protected":false},"excerpt":{"rendered":"<p>1 wrze\u015bnia nast\u0105pi\u0142o uroczyste otwarcie nowej sali gimnastycznej w Zabrzu &#8211; Grzybowicach. W ramach tej imprezy odby\u0142 si\u0119 pokaz sekcji dzieci\u0119cej prowadzonej przez Sensei Zbyszka Olszewskiego trenuj\u0105cej obecnie w Grzybowicach. Wi\u0119cej zdje\u0107 z imprezy: http:\/\/grzybowice.pl\/fotografie\/949 Sekcja powsta\u0142a w listopadzie zesz\u0142ego roku. Zaj\u0119cia prowadzone s\u0105 2x w tygodniu &#8211; wtorki i czwartki w dw\u00f3ch grupach wiekowych:&#8211; &hellip; <a href=\"https:\/\/irimi.pl\/index.php\/2020\/09\/20\/pokaz-w-grzybowicach\/\" class=\"more-link\">Czytaj dalej <span class=\"screen-reader-text\">Pokaz w Grzybowicach<\/span> <span class=\"meta-nav\">&rarr;<\/span><\/a><\/p>\n","protected":false},"author":2,"featured_media":1439,"comment_status":"closed","ping_status":"open","sticky":false,"template":"","format":"standard","meta":{"footnotes":""},"categories":[2],"tags":[1],"class_list":["post-1428","post","type-post","status-publish","format-standard","has-post-thumbnail","hentry","category-aikido","tag-aikido"],"_links":{"self":[{"href":"https:\/\/irimi.pl\/index.php\/wp-json\/wp\/v2\/posts\/1428","targetHints":{"allow":["GET"]}}],"collection":[{"href":"https:\/\/irimi.pl\/index.php\/wp-json\/wp\/v2\/posts"}],"about":[{"href":"https:\/\/irimi.pl\/index.php\/wp-json\/wp\/v2\/types\/post"}],"author":[{"embeddable":true,"href":"https:\/\/irimi.pl\/index.php\/wp-json\/wp\/v2\/users\/2"}],"replies":[{"embeddable":true,"href":"https:\/\/irimi.pl\/index.php\/wp-json\/wp\/v2\/comments?post=1428"}],"version-history":[{"count":0,"href":"https:\/\/irimi.pl\/index.php\/wp-json\/wp\/v2\/posts\/1428\/revisions"}],"wp:featuredmedia":[{"embeddable":true,"href":"https:\/\/irimi.pl\/index.php\/wp-json\/"}],"wp:attachment":[{"href":"https:\/\/irimi.pl\/index.php\/wp-json\/wp\/v2\/media?parent=1428"}],"wp:term":[{"taxonomy":"category","embeddable":true,"href":"https:\/\/irimi.pl\/index.php\/wp-json\/wp\/v2\/categories?post=1428"},{"taxonomy":"post_tag","embeddable":true,"href":"https:\/\/irimi.pl\/index.php\/wp-json\/wp\/v2\/tags?post=1428"}],"curies":[{"name":"wp","href":"https:\/\/api.w.org\/{rel}","templated":true}]}}