{"id":1414,"date":"2020-08-24T14:45:14","date_gmt":"2020-08-24T12:45:14","guid":{"rendered":"http:\/\/irimi.pl\/?p=1414"},"modified":"2020-08-24T14:45:14","modified_gmt":"2020-08-24T12:45:14","slug":"zajecia-we-wrzesniu","status":"publish","type":"post","link":"https:\/\/irimi.pl\/index.php\/2020\/08\/24\/zajecia-we-wrzesniu\/","title":{"rendered":"Zaj\u0119cia we wrze\u015bniu"},"content":{"rendered":"\n\t\t\t\t\n<p>Ju\u017c wiemy,  kiedy i gdzie b\u0119d\u0105 zaj\u0119cia w Zabrzu!<br><br><strong>Doro\u015bli i m\u0142odzie\u017c<\/strong><br>Treningi bez zmian &#8211; wsp\u00f3lnie trenuje m\u0142odzie\u017c od 13 roku \u017cycia i doro\u015bli w poniedzia\u0142ki i czwartki 18:30 &#8211; 20:00 na Hali MOSiR .  <br>Zaj\u0119cia prowadzi\u0107 b\u0119dzie Sensei Kamil Krzemi\u0144ski  (6 dan AYF),\u00a0 tel. kontaktowy 510-138-774 . <br>Pierwsze zaj\u0119cia 03.09.2020 (czwartek). <\/p>\n\n\n\n<figure class=\"wp-block-image\"><img decoding=\"async\" src=\"http:\/\/irimi.pl\/wp-content\/uploads\/2020\/05\/IMG_1969-1024x768.jpg\" alt=\"\" class=\"wp-image-1371\"\/><\/figure>\n\n\n\n<p><strong>Dzieci<\/strong><br>We wrze\u015bniu dzia\u0142a\u0107 b\u0119d\u0105 trzy sekcje dzieci\u0119ce:<br><br> 01.09.2020 (wtorek) &#8211; pierwsze zaj\u0119cia i zapisy w <strong>Biskupicach<\/strong> . Treningi b\u0119d\u0105 odbywa\u0107 si\u0119  ka\u017cdy wtorek i pi\u0105tek 18:00-19 :00 w sali Forum Organizacji Pozarz\u0105dowych RAZEM, ul.Bytomska 24.<br>Zaj\u0119cia prowadzi\u0107 b\u0119dzie Sensei Kamil Krzemi\u0144ski  (6 dan AYF),&nbsp; tel. kontaktowy 510-138-774 <br> <br>01.09.2020 (wtorek) &#8211; zaj\u0119cia w <strong>Grzybowicach<\/strong> . Treningi b\u0119d\u0105 odbywa\u0107 si\u0119  ka\u017cdy wtorek i czwartek 17:00-18 :00 (grupa m\u0142odsza) oraz 18:00-19:00 (grupa starsza) w sali DOK Grzybowice, ul. ks. Badestinusa 60. <br>Zaj\u0119cia prowadzi\u0107 b\u0119dzie  Sensei Zbigniew Olszewski   (1 dan AYF),&nbsp; tel. kontaktowy 731-050-276. <br><br>03.09.2020 (czwartek) &#8211; pierwsze zaj\u0119cia i zapisy na <strong>Hali MOSiR<\/strong> poziom 7.5. <br>Zaj\u0119cia b\u0119d\u0105 odbywa\u0107 si\u0119 wsp\u00f3lnie dla dzieci 4-7 lat oraz 8-13 lat. Prowadzi\u0107 zaj\u0119cia b\u0119d\u0105 r\u00f3wnocze\u015bnie:<br>&#8211; Sensei Marek Korbel (grupa m\u0142odsza)  (3 dan AYF ),&nbsp; tel. kontaktowy 601-332-477 <br>&#8211; Sensei Kamil Krzemi\u0144ski (grupa starsza)  (6 dan AYF),&nbsp; tel. kontaktowy 510-138-774  <br><\/p>\n\n\n\n<p><\/p>\n\n\n\n<p><\/p>\n\t\t","protected":false},"excerpt":{"rendered":"<p>Ju\u017c wiemy, kiedy i gdzie b\u0119d\u0105 zaj\u0119cia w Zabrzu! Doro\u015bli i m\u0142odzie\u017cTreningi bez zmian &#8211; wsp\u00f3lnie trenuje m\u0142odzie\u017c od 13 roku \u017cycia i doro\u015bli w poniedzia\u0142ki i czwartki 18:30 &#8211; 20:00 na Hali MOSiR . Zaj\u0119cia prowadzi\u0107 b\u0119dzie Sensei Kamil Krzemi\u0144ski (6 dan AYF),\u00a0 tel. kontaktowy 510-138-774 . Pierwsze zaj\u0119cia 03.09.2020 (czwartek). DzieciWe wrze\u015bniu dzia\u0142a\u0107 &hellip; <a href=\"https:\/\/irimi.pl\/index.php\/2020\/08\/24\/zajecia-we-wrzesniu\/\" class=\"more-link\">Czytaj dalej <span class=\"screen-reader-text\">Zaj\u0119cia we wrze\u015bniu<\/span> <span class=\"meta-nav\">&rarr;<\/span><\/a><\/p>\n","protected":false},"author":2,"featured_media":0,"comment_status":"closed","ping_status":"open","sticky":false,"template":"","format":"standard","meta":{"footnotes":""},"categories":[],"tags":[1],"class_list":["post-1414","post","type-post","status-publish","format-standard","hentry","tag-aikido"],"_links":{"self":[{"href":"https:\/\/irimi.pl\/index.php\/wp-json\/wp\/v2\/posts\/1414","targetHints":{"allow":["GET"]}}],"collection":[{"href":"https:\/\/irimi.pl\/index.php\/wp-json\/wp\/v2\/posts"}],"about":[{"href":"https:\/\/irimi.pl\/index.php\/wp-json\/wp\/v2\/types\/post"}],"author":[{"embeddable":true,"href":"https:\/\/irimi.pl\/index.php\/wp-json\/wp\/v2\/users\/2"}],"replies":[{"embeddable":true,"href":"https:\/\/irimi.pl\/index.php\/wp-json\/wp\/v2\/comments?post=1414"}],"version-history":[{"count":0,"href":"https:\/\/irimi.pl\/index.php\/wp-json\/wp\/v2\/posts\/1414\/revisions"}],"wp:attachment":[{"href":"https:\/\/irimi.pl\/index.php\/wp-json\/wp\/v2\/media?parent=1414"}],"wp:term":[{"taxonomy":"category","embeddable":true,"href":"https:\/\/irimi.pl\/index.php\/wp-json\/wp\/v2\/categories?post=1414"},{"taxonomy":"post_tag","embeddable":true,"href":"https:\/\/irimi.pl\/index.php\/wp-json\/wp\/v2\/tags?post=1414"}],"curies":[{"name":"wp","href":"https:\/\/api.w.org\/{rel}","templated":true}]}}