{"id":1328,"date":"2020-03-11T18:34:57","date_gmt":"2020-03-11T17:34:57","guid":{"rendered":"http:\/\/irimi.pl\/?p=1328"},"modified":"2020-03-11T18:34:57","modified_gmt":"2020-03-11T17:34:57","slug":"odwolane-zajecia-dla-dzieci-w-zabrzu","status":"publish","type":"post","link":"https:\/\/irimi.pl\/index.php\/2020\/03\/11\/odwolane-zajecia-dla-dzieci-w-zabrzu\/","title":{"rendered":"Odwo\u0142ane zaj\u0119cia AIKIDO dla dzieci"},"content":{"rendered":"\n\t\t\t\t\n<p>W zwi\u0105zku z decyzj\u0105 Prezesa Rady Ministr\u00f3w oraz G\u0142\u00f3wnego Inspektora Sanitarnego dot. zagro\u017cenia epidemiologicznego zwi\u0105zanego z rozprzestrzenianiem si\u0119 koronawirusa SARS-Cov-2 oraz zaleceniem Urz\u0119du Miasta  Zabrze <strong>zawieszamy  treningi dla dzieci <\/strong>w tym samym czasie, w jakim b\u0119d\u0105 zamkni\u0119te plac\u00f3wki o\u015bwiatowe.<br>Na dzie\u0144 dzisiejszy w okresie od 12 marca do 25 marca 2020 r. <\/p>\n\n\n\n<p><strong>Od dnia 12.03.2020<\/strong> odwo\u0142ane s\u0105 zaj\u0119cia grup dzieci\u0119cych:<br><br> Hala MOSiR Zabrze <br> &#8211;  pon, czw 16.45-18.00 &#8211; Sensei Kamil<br> &#8211;  wt, pi\u0105t 17:00 \u2013 18:00 &#8211;  Sensei Marek<\/p>\n\n\n\n<p> Zabrze \u2013 Grzybowice, DOK <br>&#8211; wt, czw 17:30 \u2013 18:30  &#8211; Sensei Zbyszek<\/p>\n\n\n\n<p>\u015awietlica \u015arodowiskowa na Zandce, <br>\u015broda 17:00 \u2013 18:00   &#8211; Sensei Kamil <\/p>\n\n\n\n<p><br><strong>Od dnia 16.03.2020<\/strong>  odwo\u0142ane s\u0105  zaj\u0119cia grupy dzieci\u0119cej:<br><br>Zabrze \u2013 Biskupice <br> &#8211;  wt 18:00-19:00, pi\u0105t 17:00 \u2013 18:00    &#8211; Sensei Kamil <\/p>\n\n\n\n<hr class=\"wp-block-separator\"\/>\n\n\n\n<p><strong>Zaj\u0119cia dla doros\u0142ych <\/strong>na Hali MOSIR w  poniedzia\u0142ek, czwartek godz.18.30-20.00 \u2013 poziom 7.5 (II pi\u0119tro)  <strong>odbywaj\u0105 si\u0119 normalnie.<\/strong><\/p>\n\t\t","protected":false},"excerpt":{"rendered":"<p>W zwi\u0105zku z decyzj\u0105 Prezesa Rady Ministr\u00f3w oraz G\u0142\u00f3wnego Inspektora Sanitarnego dot. zagro\u017cenia epidemiologicznego zwi\u0105zanego z rozprzestrzenianiem si\u0119 koronawirusa SARS-Cov-2 oraz zaleceniem Urz\u0119du Miasta Zabrze zawieszamy treningi dla dzieci w tym samym czasie, w jakim b\u0119d\u0105 zamkni\u0119te plac\u00f3wki o\u015bwiatowe.Na dzie\u0144 dzisiejszy w okresie od 12 marca do 25 marca 2020 r. Od dnia 12.03.2020 odwo\u0142ane &hellip; <a href=\"https:\/\/irimi.pl\/index.php\/2020\/03\/11\/odwolane-zajecia-dla-dzieci-w-zabrzu\/\" class=\"more-link\">Czytaj dalej <span class=\"screen-reader-text\">Odwo\u0142ane zaj\u0119cia AIKIDO dla dzieci<\/span> <span class=\"meta-nav\">&rarr;<\/span><\/a><\/p>\n","protected":false},"author":2,"featured_media":1332,"comment_status":"closed","ping_status":"open","sticky":false,"template":"","format":"standard","meta":{"footnotes":""},"categories":[],"tags":[1],"class_list":["post-1328","post","type-post","status-publish","format-standard","has-post-thumbnail","hentry","tag-aikido"],"_links":{"self":[{"href":"https:\/\/irimi.pl\/index.php\/wp-json\/wp\/v2\/posts\/1328","targetHints":{"allow":["GET"]}}],"collection":[{"href":"https:\/\/irimi.pl\/index.php\/wp-json\/wp\/v2\/posts"}],"about":[{"href":"https:\/\/irimi.pl\/index.php\/wp-json\/wp\/v2\/types\/post"}],"author":[{"embeddable":true,"href":"https:\/\/irimi.pl\/index.php\/wp-json\/wp\/v2\/users\/2"}],"replies":[{"embeddable":true,"href":"https:\/\/irimi.pl\/index.php\/wp-json\/wp\/v2\/comments?post=1328"}],"version-history":[{"count":0,"href":"https:\/\/irimi.pl\/index.php\/wp-json\/wp\/v2\/posts\/1328\/revisions"}],"wp:featuredmedia":[{"embeddable":true,"href":"https:\/\/irimi.pl\/index.php\/wp-json\/"}],"wp:attachment":[{"href":"https:\/\/irimi.pl\/index.php\/wp-json\/wp\/v2\/media?parent=1328"}],"wp:term":[{"taxonomy":"category","embeddable":true,"href":"https:\/\/irimi.pl\/index.php\/wp-json\/wp\/v2\/categories?post=1328"},{"taxonomy":"post_tag","embeddable":true,"href":"https:\/\/irimi.pl\/index.php\/wp-json\/wp\/v2\/tags?post=1328"}],"curies":[{"name":"wp","href":"https:\/\/api.w.org\/{rel}","templated":true}]}}