{"id":1291,"date":"2019-12-22T12:11:59","date_gmt":"2019-12-22T11:11:59","guid":{"rendered":"http:\/\/irimi.pl\/?p=1291"},"modified":"2019-12-22T12:11:59","modified_gmt":"2019-12-22T11:11:59","slug":"zajecia-w-przerwie-swiatecznej","status":"publish","type":"post","link":"https:\/\/irimi.pl\/index.php\/2019\/12\/22\/zajecia-w-przerwie-swiatecznej\/","title":{"rendered":"Zaj\u0119cia w przerwie \u015awi\u0105tecznej"},"content":{"rendered":"\n\t\t\t\t\n<p><strong>Przerwa \u015bwi\u0105teczna <\/strong><br>Informujemy, \u017ce w okresie \u015bwi\u0105teczno &#8211; noworocznym tj. <strong>23.12.2019 r. &#8211; 01.01 2020 r<\/strong>. zaj\u0119cia odbywaj\u0105 si\u0119 wg nast\u0119puj\u0105cego grafiku:<br><strong>grupy dzieci\u0119ce  &#8211; nie ma zaj\u0119\u0107<\/strong><br>grupa doros\u0142ych &#8211; zaj\u0119cia si\u0119 odbywaj\u0105 wg planu (opr\u00f3cz dni ustawowo wolnych )<br><\/p>\n\n\n\n<p><strong>Ferie zimowe 13.01.2020 &#8211; 24.01.2020 <\/strong><br><strong>grupy dzieci\u0119ce &#8211; nie ma zaj\u0119\u0107<\/strong><br>grupa doros\u0142ych &#8211; zaj\u0119cia si\u0119 odbywaj\u0105 w\/g grafiku <\/p>\n\t\t","protected":false},"excerpt":{"rendered":"<p>Przerwa \u015bwi\u0105teczna Informujemy, \u017ce w okresie \u015bwi\u0105teczno &#8211; noworocznym tj. 23.12.2019 r. &#8211; 01.01 2020 r. zaj\u0119cia odbywaj\u0105 si\u0119 wg nast\u0119puj\u0105cego grafiku:grupy dzieci\u0119ce &#8211; nie ma zaj\u0119\u0107grupa doros\u0142ych &#8211; zaj\u0119cia si\u0119 odbywaj\u0105 wg planu (opr\u00f3cz dni ustawowo wolnych ) Ferie zimowe 13.01.2020 &#8211; 24.01.2020 grupy dzieci\u0119ce &#8211; nie ma zaj\u0119\u0107grupa doros\u0142ych &#8211; zaj\u0119cia si\u0119 odbywaj\u0105 &hellip; <a href=\"https:\/\/irimi.pl\/index.php\/2019\/12\/22\/zajecia-w-przerwie-swiatecznej\/\" class=\"more-link\">Czytaj dalej <span class=\"screen-reader-text\">Zaj\u0119cia w przerwie \u015awi\u0105tecznej<\/span> <span class=\"meta-nav\">&rarr;<\/span><\/a><\/p>\n","protected":false},"author":2,"featured_media":1292,"comment_status":"closed","ping_status":"open","sticky":false,"template":"","format":"standard","meta":{"footnotes":""},"categories":[],"tags":[1],"class_list":["post-1291","post","type-post","status-publish","format-standard","has-post-thumbnail","hentry","tag-aikido"],"_links":{"self":[{"href":"https:\/\/irimi.pl\/index.php\/wp-json\/wp\/v2\/posts\/1291","targetHints":{"allow":["GET"]}}],"collection":[{"href":"https:\/\/irimi.pl\/index.php\/wp-json\/wp\/v2\/posts"}],"about":[{"href":"https:\/\/irimi.pl\/index.php\/wp-json\/wp\/v2\/types\/post"}],"author":[{"embeddable":true,"href":"https:\/\/irimi.pl\/index.php\/wp-json\/wp\/v2\/users\/2"}],"replies":[{"embeddable":true,"href":"https:\/\/irimi.pl\/index.php\/wp-json\/wp\/v2\/comments?post=1291"}],"version-history":[{"count":0,"href":"https:\/\/irimi.pl\/index.php\/wp-json\/wp\/v2\/posts\/1291\/revisions"}],"wp:featuredmedia":[{"embeddable":true,"href":"https:\/\/irimi.pl\/index.php\/wp-json\/"}],"wp:attachment":[{"href":"https:\/\/irimi.pl\/index.php\/wp-json\/wp\/v2\/media?parent=1291"}],"wp:term":[{"taxonomy":"category","embeddable":true,"href":"https:\/\/irimi.pl\/index.php\/wp-json\/wp\/v2\/categories?post=1291"},{"taxonomy":"post_tag","embeddable":true,"href":"https:\/\/irimi.pl\/index.php\/wp-json\/wp\/v2\/tags?post=1291"}],"curies":[{"name":"wp","href":"https:\/\/api.w.org\/{rel}","templated":true}]}}