{"id":1139,"date":"2019-08-17T00:47:03","date_gmt":"2019-08-16T22:47:03","guid":{"rendered":"http:\/\/irimi.pl\/?p=1139"},"modified":"2019-08-17T00:47:03","modified_gmt":"2019-08-16T22:47:03","slug":"zajecia-od-2-wrzesnia-2019","status":"publish","type":"post","link":"https:\/\/irimi.pl\/index.php\/2019\/08\/17\/zajecia-od-2-wrzesnia-2019\/","title":{"rendered":"Zaj\u0119cia od 2 wrze\u015bnia 2019"},"content":{"rendered":"\n\t\t\t\t\n<p>Wakacje powoli dobiegaj\u0105 ko\u0144ca i czas ju\u017c pomy\u015ble\u0107 o zaj\u0119ciach w nowym sezonie treningowym. Startujemy zaraz w pierwszym tygodniu wrze\u015bnia :).<br>Godziny I dni zaj\u0119\u0107 nie uleg\u0142y zmianie. Dla tych, co trenuj\u0105 na hali MOSiR &#8211; r\u00f3wnie\u017c miejsce pozostaje to samo.<br>Grupa w Biskupicach natomiast z powodu przewidywanego remontu sali b\u0119dzie mia\u0142a zaj\u0119cia w Domu Parafialnym przy Bytomskiej 111.<\/p>\n\n\n\n<p>ZAPRASZAMY !!!<\/p>\n\n\n\n<figure class=\"wp-block-image\"><img decoding=\"async\" src=\"http:\/\/irimi.pl\/wp-content\/uploads\/2019\/08\/Plakat_Zabrze_FB-724x1024.png\" alt=\"\" class=\"wp-image-1140\"\/><\/figure>\n\t\t","protected":false},"excerpt":{"rendered":"<p>Wakacje powoli dobiegaj\u0105 ko\u0144ca i czas ju\u017c pomy\u015ble\u0107 o zaj\u0119ciach w nowym sezonie treningowym. Startujemy zaraz w pierwszym tygodniu wrze\u015bnia :).Godziny I dni zaj\u0119\u0107 nie uleg\u0142y zmianie. Dla tych, co trenuj\u0105 na hali MOSiR &#8211; r\u00f3wnie\u017c miejsce pozostaje to samo.Grupa w Biskupicach natomiast z powodu przewidywanego remontu sali b\u0119dzie mia\u0142a zaj\u0119cia w Domu Parafialnym przy &hellip; <a href=\"https:\/\/irimi.pl\/index.php\/2019\/08\/17\/zajecia-od-2-wrzesnia-2019\/\" class=\"more-link\">Czytaj dalej <span class=\"screen-reader-text\">Zaj\u0119cia od 2 wrze\u015bnia 2019<\/span> <span class=\"meta-nav\">&rarr;<\/span><\/a><\/p>\n","protected":false},"author":2,"featured_media":0,"comment_status":"closed","ping_status":"open","sticky":false,"template":"","format":"standard","meta":{"footnotes":""},"categories":[],"tags":[1],"class_list":["post-1139","post","type-post","status-publish","format-standard","hentry","tag-aikido"],"_links":{"self":[{"href":"https:\/\/irimi.pl\/index.php\/wp-json\/wp\/v2\/posts\/1139","targetHints":{"allow":["GET"]}}],"collection":[{"href":"https:\/\/irimi.pl\/index.php\/wp-json\/wp\/v2\/posts"}],"about":[{"href":"https:\/\/irimi.pl\/index.php\/wp-json\/wp\/v2\/types\/post"}],"author":[{"embeddable":true,"href":"https:\/\/irimi.pl\/index.php\/wp-json\/wp\/v2\/users\/2"}],"replies":[{"embeddable":true,"href":"https:\/\/irimi.pl\/index.php\/wp-json\/wp\/v2\/comments?post=1139"}],"version-history":[{"count":0,"href":"https:\/\/irimi.pl\/index.php\/wp-json\/wp\/v2\/posts\/1139\/revisions"}],"wp:attachment":[{"href":"https:\/\/irimi.pl\/index.php\/wp-json\/wp\/v2\/media?parent=1139"}],"wp:term":[{"taxonomy":"category","embeddable":true,"href":"https:\/\/irimi.pl\/index.php\/wp-json\/wp\/v2\/categories?post=1139"},{"taxonomy":"post_tag","embeddable":true,"href":"https:\/\/irimi.pl\/index.php\/wp-json\/wp\/v2\/tags?post=1139"}],"curies":[{"name":"wp","href":"https:\/\/api.w.org\/{rel}","templated":true}]}}