{"id":1032,"date":"2019-06-03T09:07:13","date_gmt":"2019-06-03T07:07:13","guid":{"rendered":"http:\/\/irimi.pl\/?p=1032"},"modified":"2019-06-03T09:07:13","modified_gmt":"2019-06-03T07:07:13","slug":"imprezy-na-zakonczenie-sezonu-2018-2019","status":"publish","type":"post","link":"https:\/\/irimi.pl\/index.php\/2019\/06\/03\/imprezy-na-zakonczenie-sezonu-2018-2019\/","title":{"rendered":"Imprezy na zako\u0144czenie sezonu 2018\/2019"},"content":{"rendered":"\n\t\t\t\t\n<p>W ostatnich tygodniach wiele si\u0119 dzia\u0142o,  szczeg\u00f3lnie dla &#8222;niedoros\u0142ej&#8221; cz\u0119\u015bci naszych trenuj\u0105cych. Za nami pokazy w Zabrzu na k\u0105pielisku le\u015bnym w Maciejowie oraz w Biskupicach. A tak\u017ce udzia\u0142 w Paradzie Smok\u00f3w w Krakowie. <\/p>\n\n\n\n<h3 class=\"wp-block-heading\">Pokaz w Maciejowie<\/h3>\n\n\n\n<p>Pokaz w Zabrzu na K\u0105pielisku w Maciejowie odby\u0142 si\u0119 25 maja 2019 w godz. 13:00 \u2013 14:00. Mieli\u015bmy szans\u0119 zaprezentowania si\u0119  na Pikniku Zabrza\u0144skich Rodzin Zast\u0119pczych, organizowanego  w ramach Metropolitalnego \u015awi\u0119ta Rodziny.  <br>Impreza BARDZO UDANA. Pogoda dopisa\u0142a, a organizator zapewni\u0142  pocz\u0119stunek dla wszystkich  uczestnik\u00f3w oraz dost\u0119p do atrakcji   dla dzieci (malowanie twarzy,  dmuchane zje\u017cd\u017calnie, konkursy i zabawy). \n<br> Bardzo dzi\u0119kujemy dzieciom, m\u0142odzie\u017cy i doros\u0142ym, kt\u00f3rzy wzi\u0119li w niej udzia\u0142, ze wszystkich sekcji trenuj\u0105cych w Zabrzu. Du\u017co zabawy, wspania\u0142a atmosfera i wspania\u0142e umiej\u0119tno\u015bci &#8230; JESTE\u015aCIE WIELCY.<\/p>\n\n\n\n<h4 class=\"wp-block-heading\">Pokaz w Biskupicach<\/h4>\n\n\n\n<p>01 Czerwca 2019 na Festynie z okazji Dnia Dziecka w Ogrodzie plebanii parafii \u015bw. Jana Chrzciciela w Zabrzu &#8211; Biskupicach odby\u0142 si\u0119 kolejny pokaz z udzia\u0142em g\u0142\u00f3wnie dzieci trenuj\u0105cych w Biskupicach i na Zandce oraz m\u0142odzie\u017cy i doros\u0142ych. <br> Niespodziewanie w ostatniej chwili nie doszed\u0142 do skutku transport mat &#8230; pokaz wi\u0119c by\u0142 wykonany na trawie !!!. <\/p>\n\n\n\n<figure class=\"wp-block-image\"><img decoding=\"async\" src=\"http:\/\/irimi.pl\/wp-content\/uploads\/2019\/06\/b4-1024x768.jpg\" alt=\"\" class=\"wp-image-1039\"\/><\/figure>\n\n\n\n<figure class=\"wp-block-image\"><img decoding=\"async\" src=\"http:\/\/irimi.pl\/wp-content\/uploads\/2019\/06\/b1-1024x768.jpg\" alt=\"\" class=\"wp-image-1040\"\/><\/figure>\n\n\n\n<h4 class=\"wp-block-heading\">Parada Smok\u00f3w w Krakowie<\/h4>\n\n\n\n<p>Z naszym IRIMI-Smokiem wzi\u0119li\u015bmy udzia\u0142 ju\u017c po raz kolejny w Parada Smok\u00f3w ulicami Starego Miasta w Krakowie. Po imprezie zas\u0142u\u017cone lody oraz wycieczka statkiem po Wi\u015ble.<\/p>\n\n\n\n<figure class=\"wp-block-image\"><img decoding=\"async\" src=\"http:\/\/irimi.pl\/wp-content\/uploads\/2019\/06\/s1-1024x614.jpg\" alt=\"\" class=\"wp-image-1043\"\/><\/figure>\n\n\n\n<figure class=\"wp-block-image\"><img decoding=\"async\" src=\"http:\/\/irimi.pl\/wp-content\/uploads\/2019\/06\/s2-1024x614.jpg\" alt=\"\" class=\"wp-image-1044\"\/><\/figure>\n\n\n\n<p> <\/p>\n\t\t","protected":false},"excerpt":{"rendered":"<p>W ostatnich tygodniach wiele si\u0119 dzia\u0142o, szczeg\u00f3lnie dla &#8222;niedoros\u0142ej&#8221; cz\u0119\u015bci naszych trenuj\u0105cych. Za nami pokazy w Zabrzu na k\u0105pielisku le\u015bnym w Maciejowie oraz w Biskupicach. A tak\u017ce udzia\u0142 w Paradzie Smok\u00f3w w Krakowie. Pokaz w Maciejowie Pokaz w Zabrzu na K\u0105pielisku w Maciejowie odby\u0142 si\u0119 25 maja 2019 w godz. 13:00 \u2013 14:00. Mieli\u015bmy szans\u0119 &hellip; <a href=\"https:\/\/irimi.pl\/index.php\/2019\/06\/03\/imprezy-na-zakonczenie-sezonu-2018-2019\/\" class=\"more-link\">Czytaj dalej <span class=\"screen-reader-text\">Imprezy na zako\u0144czenie sezonu 2018\/2019<\/span> <span class=\"meta-nav\">&rarr;<\/span><\/a><\/p>\n","protected":false},"author":2,"featured_media":0,"comment_status":"closed","ping_status":"open","sticky":false,"template":"","format":"standard","meta":{"footnotes":""},"categories":[],"tags":[1],"class_list":["post-1032","post","type-post","status-publish","format-standard","hentry","tag-aikido"],"_links":{"self":[{"href":"https:\/\/irimi.pl\/index.php\/wp-json\/wp\/v2\/posts\/1032","targetHints":{"allow":["GET"]}}],"collection":[{"href":"https:\/\/irimi.pl\/index.php\/wp-json\/wp\/v2\/posts"}],"about":[{"href":"https:\/\/irimi.pl\/index.php\/wp-json\/wp\/v2\/types\/post"}],"author":[{"embeddable":true,"href":"https:\/\/irimi.pl\/index.php\/wp-json\/wp\/v2\/users\/2"}],"replies":[{"embeddable":true,"href":"https:\/\/irimi.pl\/index.php\/wp-json\/wp\/v2\/comments?post=1032"}],"version-history":[{"count":0,"href":"https:\/\/irimi.pl\/index.php\/wp-json\/wp\/v2\/posts\/1032\/revisions"}],"wp:attachment":[{"href":"https:\/\/irimi.pl\/index.php\/wp-json\/wp\/v2\/media?parent=1032"}],"wp:term":[{"taxonomy":"category","embeddable":true,"href":"https:\/\/irimi.pl\/index.php\/wp-json\/wp\/v2\/categories?post=1032"},{"taxonomy":"post_tag","embeddable":true,"href":"https:\/\/irimi.pl\/index.php\/wp-json\/wp\/v2\/tags?post=1032"}],"curies":[{"name":"wp","href":"https:\/\/api.w.org\/{rel}","templated":true}]}}